{"id":2497,"date":"2018-02-05T21:43:32","date_gmt":"2018-02-05T20:43:32","guid":{"rendered":"http:\/\/www.umweltaktivisten.de\/?p=2497"},"modified":"2018-02-05T22:24:23","modified_gmt":"2018-02-05T21:24:23","slug":"appel-tihange-sofort-abschalten","status":"publish","type":"post","link":"https:\/\/www.umweltaktivisten.de\/index.php\/2018\/02\/05\/appel-tihange-sofort-abschalten\/","title":{"rendered":"Appel: Tihange sofort abschalten!"},"content":{"rendered":"<p><strong>Initiativen und Verb\u00e4nde appellieren an Union und SPD:<\/strong><\/p>\n<p><strong>&#8211; Atomsicherheit und Atomausstieg im Koalitionsvertrag verankern<\/strong><\/p>\n<p><strong>&#8211; &#8222;Neue Erkenntnisse \u00fcber AKW Tihange erfordern sofortiges Handeln!&#8220;<\/strong><\/p>\n<p><img loading=\"lazy\" decoding=\"async\" class=\"wp-image-2498 alignleft\" src=\"https:\/\/www.umweltaktivisten.de\/wp-content\/uploads\/2018\/02\/atomic-power-plant-154142_7.png\" alt=\"\" width=\"288\" height=\"288\" srcset=\"https:\/\/www.umweltaktivisten.de\/wp-content\/uploads\/2018\/02\/atomic-power-plant-154142_7.png 700w, https:\/\/www.umweltaktivisten.de\/wp-content\/uploads\/2018\/02\/atomic-power-plant-154142_7-150x150.png 150w, https:\/\/www.umweltaktivisten.de\/wp-content\/uploads\/2018\/02\/atomic-power-plant-154142_7-300x300.png 300w\" sizes=\"auto, (max-width: 288px) 100vw, 288px\" \/><\/p>\n<p>Der Bundesverband B\u00fcrgerinitiativen Umweltschutz (BBU), die atomkritische \u00c4rztevereinigung IPPNW, der Naturschutzbund (NABU) NRW sowie mehrere regionale Anti-Atomkraft- und Anti-Braunkohle-Initiativen fordern angesichts der neuen Erkenntnisse \u00fcber den Reaktorblock 1 des Atomkraftwerkes Tihange von der belgischen Regierung, die Pannenreaktoren\u00a0 sofort stillzulegen. Eine entsprechende Initiative sowie die Stilllegung der deutschen Uranbrennstoff-Zulieferbetriebe in Gronau und Lingen m\u00fcssen aber auch im neuen Groko-Koalitionsvertrag verankert werden. F\u00fcr den kommenden Dienstag, 6. Februar, rufen die Initiativen und Verb\u00e4nde zu einer Protestaktion vor der D\u00fcsseldorfer Staatskanzlei am Horionplatz auf, um Ministerpr\u00e4sident Armin Laschet (CDU) zum Handeln zu bewegen.<\/p>\n<p>Nach Informationen der Verb\u00e4nde wurde zwar nach scharfer Kritik am Sondierungspapier vom 12. Januar ein Kapitel zu \u201eAtompolitik\u201c im Entwurf des Koalitionsvertrages von Union und SPD aufgenommen. Dessen aktueller Stand ber\u00fccksichtige die dr\u00e4ngenden Probleme aber v\u00f6llig unzureichend. \u201eWir vermissen nach wie vor ein klares Bekenntnis der k\u00fcnftigen Bundesregierung, die Urananreicherungsanlage in Gronau und der Brennelementefabrik in Lingen endlich stillzulegen oder zumindest die Pannenreaktoren Tihange und Doel in Belgien nicht mehr von dort zu beliefern&#8220;, so Matthias Eickhoff vom Aktionsb\u00fcndnis M\u00fcnsterland gegen Atomanlagen. Die Verb\u00e4nde wiesen nochmals darauf hin, dass inzwischen zwei Gutachten des Bundesumweltministeriums belegen, dass eine Stilllegung der beiden Anlagen \u00a0rechtssicher m\u00f6glich sei.<\/p>\n<p>Besonders alarmiert sind die Verb\u00e4nde und Initiativen \u00fcber Informationen aus Berlin, wonach eine Vereinbarung, dass sich die k\u00fcnftige Bundesregierung in Br\u00fcssel f\u00fcr eine \u00c4nderung des Euratom-Vertrages und insbesondere f\u00fcr Mitspracherechte beim Sicherheitsrisiko durch den\u00a0alternden Bestand von AKW in den Nachbarl\u00e4ndern einsetzen wolle, offenbar noch strittig ist.<\/p>\n<p>\u201eGerade vor dem Hintergrund der aktuellen Erkenntnisse \u00fcber Tihange 1 erwarten wir von Union und SPD ein klares Bekenntnis ohne Wenn und Aber, dass sich die kommende Bundesregierung auf EU-Ebene f\u00fcr verpflichtende Umweltvertr\u00e4glichkeitspr\u00fcfungen bei geplanten AKW-Laufzeitverl\u00e4ngerungen einsetzt\u201c, so Claus Mayr (Europaexperte des NABU).<\/p>\n<p>Belgien hat bereits 2016 die Laufzeit von Tihange 1, die eigentlich nach 40 Jahren 2015 enden sollte, auf 50 Jahre bis 2025 erh\u00f6ht; derzeit favorisieren Betreiber und die belgische Mehrheitspartei NVA eine weitere Laufzeitverl\u00e4ngerung auf 60 Jahre bis 2035. Die Laufzeiten der anderen Bl\u00f6cke sollen auch verl\u00e4ngert werden, allen Bedenken von Sicherheitsexperten zum Trotz. \u201eDie belgische Atomaufsicht zeigt sich von Protesten aus den Nachbarl\u00e4ndern v\u00f6llig unbeeindruckt. Deshalb sind grenz\u00fcberschreitende UVPs bei einer Laufzeitverl\u00e4ngerung, wie sie unter anderem bei Tihange 2, Tihange 3 und Doel 3 zu erwarten ist, unerl\u00e4sslich, um die\u00a0 Bedenken der Beh\u00f6rden und B\u00fcrger der Nachbarl\u00e4nder einbringen zu k\u00f6nnen\u201c, so Mayr.<\/p>\n<p>Auch Dr. Angelika Clau\u00dfen, Tschernobylexpertin der IPPNW, warnt: \u201eWir \u00c4rzte warnen vor einer neuen Atomkatastrophe. Als Folge der Tschernobylkatastrophe erkrankten sch\u00e4tzungsweise Hunderttausende an Krebs und an Nichtkrebserkrankungen. Ebenso mussten Hunderttausende Menschen evakuiert und umgesiedelt werden. Im dicht bev\u00f6lkerten Dreil\u00e4ndereck w\u00e4ren dagegen mehrere Millionen Menschen betroffen!\u201c Gerade vor dem Hintergrund einer neuen Studie aus den Niederlanden, die den drei L\u00e4ndern mangelhafte Koordination der Katastrophenhilfe bescheinigt, sei der Schutz der Zivilbev\u00f6lkerung nur durch schnelle Abschaltung aller drei Reaktoren in Tihange m\u00f6glich.<\/p>\n<p>\u201eAls Sofortma\u00dfnahme sollten Deutschland und die Niederlande RWE und Essent NV dazu veranlassen, das hocheffiziente Gaskraftwerk `Claus\u00b4 in Maasbracht wieder anzufahren und von dort Strom nach Belgien zu liefern\u201c, fordert Andreas B\u00fcttgen von der Initiative &#8222;Buirer f\u00fcr Buir&#8220;. RWE hatte das Gaskraftwerk 2014 kurz nach der Modernisierung stillgelegt, weil es mit seinen alten Braunkohlekraftwerken mehr Geld verdient.<\/p>\n<p>Die von NRW-Ministerpr\u00e4sident Laschet k\u00fcrzlich in die Diskussion gebrachte Lieferung von Braunkohlestrom nach Belgien lehnen die Initiativen und Verb\u00e4nde strikt ab: \u201eDen Teufel mit dem Beelzebub auszutreiben, ist keine L\u00f6sung und verh\u00f6hnt die \u00fcber Braunkohle- und Atomstrom gleicherma\u00dfen besorgten Menschen\u201c, so B\u00fcttgen. Zudem sei Laschets Vorschlag keine L\u00f6sung f\u00fcr die kommenden Jahre. W\u00e4hrend zwischen den Niederlanden und Belgien bereits eine Stromtrasse existiere, w\u00fcrde die derzeit geplante Stromleitung `ALEGrO\u00b4 von Oberzier (NRW) nach Lixhe (bei L\u00fcttich) fr\u00fchestens 2020 fertig gestellt. Weitere, zum vollst\u00e4ndigen Ersatz von Tihange vom fr\u00fcheren NRW-Umweltminister Remmel vorgeschlagene Stromtrassen von Deutschland nach Belgien seien kaum vor 2030 realisierbar.<\/p>\n<p><strong>Weitere Infos:<\/strong><\/p>\n<p><a href=\"https:\/\/www.ippnw.de\/\" target=\"_blank\" rel=\"noopener\">www.ippnw.de<\/a>, <a href=\"https:\/\/nrw.nabu.de\/\" target=\"_blank\" rel=\"noopener\">www.nabu-nrw.de<\/a>, <a href=\"https:\/\/sofa-ms.de\/\" target=\"_blank\" rel=\"noopener\">www.sofa-ms.de<\/a>, <a href=\"https:\/\/www.antiatombonn.de\" target=\"_blank\" rel=\"noopener\">www.antiatombonn.de<\/a>,<a href=\"http:\/\/www.bbu-online.de\" target=\"_blank\" rel=\"noopener\"> www.bbu-online.de<\/a><\/p>\n<p><strong>\u00a0Herausgeber:<br \/>\n<\/strong><\/p>\n<p>Aktionsb\u00fcndnis M\u00fcnsterland gegen Atomanlagen<br \/>\nBundesverband B\u00fcrgerinitiativen Umweltschutz (BBU)<br \/>\nInternationale \u00c4rzte zur Verh\u00fctung eines Atomkriegs\/\u00c4rzte in sozialer Verantwortung (IPPNW)<br \/>\nArbeitskreis Umwelt (AKU) Gronau<br \/>\nArbeitskreis Umwelt (AKU) Sch\u00fcttorf<br \/>\nAachener Aktionsb\u00fcndnis gegen Atomenergie<br \/>\nAktionsb\u00fcndnis &#8222;Stop Westcastor&#8220; J\u00fclich<br \/>\nAntiAtomBonn<br \/>\nNaturschutzbund (NABU) Nordrhein-Westfalen<br \/>\nNABU-Stadtverband Aachen e.V.\u00b4<br \/>\nInitiative 3 Rosen e. V.<br \/>\nInitiative &#8222;Buirer f\u00fcr Buir&#8220;<br \/>\nB\u00fcrgerinitiative Umweltschutz L\u00fcchow-Dannenberg<\/p>\n","protected":false},"excerpt":{"rendered":"<p>Initiativen und Verb\u00e4nde appellieren an Union und SPD: &#8211; Atomsicherheit und Atomausstieg im Koalitionsvertrag verankern &#8211; &#8222;Neue Erkenntnisse \u00fcber AKW Tihange erfordern sofortiges Handeln!&#8220; Der Bundesverband B\u00fcrgerinitiativen Umweltschutz (BBU), die atomkritische \u00c4rztevereinigung IPPNW, der Naturschutzbund (NABU) NRW sowie mehrere regionale Anti-Atomkraft- und Anti-Braunkohle-Initiativen fordern angesichts der neuen Erkenntnisse \u00fcber den\u2026<\/p>\n<p class=\"continue-reading-button\"> <a class=\"continue-reading-link\" href=\"https:\/\/www.umweltaktivisten.de\/index.php\/2018\/02\/05\/appel-tihange-sofort-abschalten\/\">weiter &#8230;<i class=\"crycon-right-dir\"><\/i><\/a><\/p>\n","protected":false},"author":1,"featured_media":0,"comment_status":"closed","ping_status":"closed","sticky":false,"template":"","format":"standard","meta":{"footnotes":""},"categories":[1,21,20,10],"tags":[272,191,271,223],"class_list":["post-2497","post","type-post","status-publish","format-standard","hentry","category-allgemein","category-atom","category-braunkohle","category-stop-westcastor","tag-akw-tihange","tag-brennelementefabrik-lingen","tag-groko","tag-urananreicherung-gronau"],"yoast_head":"<!-- This site is optimized with the Yoast SEO plugin v27.5 - https:\/\/yoast.com\/product\/yoast-seo-wordpress\/ -->\n<title>Appel: Tihange sofort abschalten! - umweltaktivisten.de<\/title>\n<meta name=\"robots\" content=\"index, nofollow, max-snippet:-1, max-image-preview:large, max-video-preview:-1\" \/>\n<link rel=\"canonical\" href=\"https:\/\/www.umweltaktivisten.de\/index.php\/2018\/02\/05\/appel-tihange-sofort-abschalten\/\" \/>\n<meta property=\"og:locale\" content=\"de_DE\" \/>\n<meta property=\"og:type\" content=\"article\" \/>\n<meta property=\"og:title\" content=\"Appel: Tihange sofort abschalten! - umweltaktivisten.de\" \/>\n<meta property=\"og:description\" content=\"Initiativen und Verb\u00e4nde appellieren an Union und SPD: &#8211; Atomsicherheit und Atomausstieg im Koalitionsvertrag verankern &#8211; &#8222;Neue Erkenntnisse \u00fcber AKW Tihange erfordern sofortiges Handeln!&#8220; Der Bundesverband B\u00fcrgerinitiativen Umweltschutz (BBU), die atomkritische \u00c4rztevereinigung IPPNW, der Naturschutzbund (NABU) NRW sowie mehrere regionale Anti-Atomkraft- und Anti-Braunkohle-Initiativen fordern angesichts der neuen Erkenntnisse \u00fcber den\u2026 weiter ...\" \/>\n<meta property=\"og:url\" content=\"https:\/\/www.umweltaktivisten.de\/index.php\/2018\/02\/05\/appel-tihange-sofort-abschalten\/\" \/>\n<meta property=\"og:site_name\" content=\"umweltaktivisten.de\" \/>\n<meta property=\"article:published_time\" content=\"2018-02-05T20:43:32+00:00\" \/>\n<meta property=\"article:modified_time\" content=\"2018-02-05T21:24:23+00:00\" \/>\n<meta property=\"og:image\" content=\"http:\/\/www.umweltaktivisten.de\/wp-content\/uploads\/2018\/02\/atomic-power-plant-154142_7.png\" \/>\n<meta name=\"author\" content=\"marita\" \/>\n<meta name=\"twitter:card\" content=\"summary_large_image\" \/>\n<meta name=\"twitter:label1\" content=\"Verfasst von\" \/>\n\t<meta name=\"twitter:data1\" content=\"marita\" \/>\n\t<meta name=\"twitter:label2\" content=\"Gesch\u00e4tzte Lesezeit\" \/>\n\t<meta name=\"twitter:data2\" content=\"4\u00a0Minuten\" \/>\n<script type=\"application\/ld+json\" class=\"yoast-schema-graph\">{\"@context\":\"https:\\\/\\\/schema.org\",\"@graph\":[{\"@type\":\"Article\",\"@id\":\"https:\\\/\\\/www.umweltaktivisten.de\\\/index.php\\\/2018\\\/02\\\/05\\\/appel-tihange-sofort-abschalten\\\/#article\",\"isPartOf\":{\"@id\":\"https:\\\/\\\/www.umweltaktivisten.de\\\/index.php\\\/2018\\\/02\\\/05\\\/appel-tihange-sofort-abschalten\\\/\"},\"author\":{\"name\":\"marita\",\"@id\":\"https:\\\/\\\/www.umweltaktivisten.de\\\/#\\\/schema\\\/person\\\/af601319cc34a906612869cf3b4fd51a\"},\"headline\":\"Appel: Tihange sofort abschalten!\",\"datePublished\":\"2018-02-05T20:43:32+00:00\",\"dateModified\":\"2018-02-05T21:24:23+00:00\",\"mainEntityOfPage\":{\"@id\":\"https:\\\/\\\/www.umweltaktivisten.de\\\/index.php\\\/2018\\\/02\\\/05\\\/appel-tihange-sofort-abschalten\\\/\"},\"wordCount\":781,\"image\":{\"@id\":\"https:\\\/\\\/www.umweltaktivisten.de\\\/index.php\\\/2018\\\/02\\\/05\\\/appel-tihange-sofort-abschalten\\\/#primaryimage\"},\"thumbnailUrl\":\"http:\\\/\\\/www.umweltaktivisten.de\\\/wp-content\\\/uploads\\\/2018\\\/02\\\/atomic-power-plant-154142_7.png\",\"keywords\":[\"AKW Tihange\",\"Brennelementefabrik Lingen\",\"Groko\",\"Urananreicherung Gronau\"],\"articleSection\":{\"1\":\"Atom\",\"2\":\"Braunkohle\",\"3\":\"Stop Westcastor\"},\"inLanguage\":\"de\"},{\"@type\":\"WebPage\",\"@id\":\"https:\\\/\\\/www.umweltaktivisten.de\\\/index.php\\\/2018\\\/02\\\/05\\\/appel-tihange-sofort-abschalten\\\/\",\"url\":\"https:\\\/\\\/www.umweltaktivisten.de\\\/index.php\\\/2018\\\/02\\\/05\\\/appel-tihange-sofort-abschalten\\\/\",\"name\":\"Appel: Tihange sofort abschalten! - umweltaktivisten.de\",\"isPartOf\":{\"@id\":\"https:\\\/\\\/www.umweltaktivisten.de\\\/#website\"},\"primaryImageOfPage\":{\"@id\":\"https:\\\/\\\/www.umweltaktivisten.de\\\/index.php\\\/2018\\\/02\\\/05\\\/appel-tihange-sofort-abschalten\\\/#primaryimage\"},\"image\":{\"@id\":\"https:\\\/\\\/www.umweltaktivisten.de\\\/index.php\\\/2018\\\/02\\\/05\\\/appel-tihange-sofort-abschalten\\\/#primaryimage\"},\"thumbnailUrl\":\"http:\\\/\\\/www.umweltaktivisten.de\\\/wp-content\\\/uploads\\\/2018\\\/02\\\/atomic-power-plant-154142_7.png\",\"datePublished\":\"2018-02-05T20:43:32+00:00\",\"dateModified\":\"2018-02-05T21:24:23+00:00\",\"author\":{\"@id\":\"https:\\\/\\\/www.umweltaktivisten.de\\\/#\\\/schema\\\/person\\\/af601319cc34a906612869cf3b4fd51a\"},\"breadcrumb\":{\"@id\":\"https:\\\/\\\/www.umweltaktivisten.de\\\/index.php\\\/2018\\\/02\\\/05\\\/appel-tihange-sofort-abschalten\\\/#breadcrumb\"},\"inLanguage\":\"de\",\"potentialAction\":[{\"@type\":\"ReadAction\",\"target\":[\"https:\\\/\\\/www.umweltaktivisten.de\\\/index.php\\\/2018\\\/02\\\/05\\\/appel-tihange-sofort-abschalten\\\/\"]}]},{\"@type\":\"ImageObject\",\"inLanguage\":\"de\",\"@id\":\"https:\\\/\\\/www.umweltaktivisten.de\\\/index.php\\\/2018\\\/02\\\/05\\\/appel-tihange-sofort-abschalten\\\/#primaryimage\",\"url\":\"http:\\\/\\\/www.umweltaktivisten.de\\\/wp-content\\\/uploads\\\/2018\\\/02\\\/atomic-power-plant-154142_7.png\",\"contentUrl\":\"http:\\\/\\\/www.umweltaktivisten.de\\\/wp-content\\\/uploads\\\/2018\\\/02\\\/atomic-power-plant-154142_7.png\"},{\"@type\":\"BreadcrumbList\",\"@id\":\"https:\\\/\\\/www.umweltaktivisten.de\\\/index.php\\\/2018\\\/02\\\/05\\\/appel-tihange-sofort-abschalten\\\/#breadcrumb\",\"itemListElement\":[{\"@type\":\"ListItem\",\"position\":1,\"name\":\"Home\",\"item\":\"https:\\\/\\\/www.umweltaktivisten.de\\\/\"},{\"@type\":\"ListItem\",\"position\":2,\"name\":\"Appel: Tihange sofort abschalten!\"}]},{\"@type\":\"WebSite\",\"@id\":\"https:\\\/\\\/www.umweltaktivisten.de\\\/#website\",\"url\":\"https:\\\/\\\/www.umweltaktivisten.de\\\/\",\"name\":\"umweltaktivisten.de\",\"description\":\"&quot;Wir haben die Erde nur von unseren Kindern geborgt&quot;\",\"potentialAction\":[{\"@type\":\"SearchAction\",\"target\":{\"@type\":\"EntryPoint\",\"urlTemplate\":\"https:\\\/\\\/www.umweltaktivisten.de\\\/?s={search_term_string}\"},\"query-input\":{\"@type\":\"PropertyValueSpecification\",\"valueRequired\":true,\"valueName\":\"search_term_string\"}}],\"inLanguage\":\"de\"},{\"@type\":\"Person\",\"@id\":\"https:\\\/\\\/www.umweltaktivisten.de\\\/#\\\/schema\\\/person\\\/af601319cc34a906612869cf3b4fd51a\",\"name\":\"marita\",\"url\":\"https:\\\/\\\/www.umweltaktivisten.de\\\/author\\\/marita\\\/\"}]}<\/script>\n<!-- \/ Yoast SEO plugin. -->","yoast_head_json":{"title":"Appel: Tihange sofort abschalten! - umweltaktivisten.de","robots":{"index":"index","follow":"nofollow","max-snippet":"max-snippet:-1","max-image-preview":"max-image-preview:large","max-video-preview":"max-video-preview:-1"},"canonical":"https:\/\/www.umweltaktivisten.de\/index.php\/2018\/02\/05\/appel-tihange-sofort-abschalten\/","og_locale":"de_DE","og_type":"article","og_title":"Appel: Tihange sofort abschalten! - umweltaktivisten.de","og_description":"Initiativen und Verb\u00e4nde appellieren an Union und SPD: &#8211; Atomsicherheit und Atomausstieg im Koalitionsvertrag verankern &#8211; &#8222;Neue Erkenntnisse \u00fcber AKW Tihange erfordern sofortiges Handeln!&#8220; Der Bundesverband B\u00fcrgerinitiativen Umweltschutz (BBU), die atomkritische \u00c4rztevereinigung IPPNW, der Naturschutzbund (NABU) NRW sowie mehrere regionale Anti-Atomkraft- und Anti-Braunkohle-Initiativen fordern angesichts der neuen Erkenntnisse \u00fcber den\u2026 weiter ...","og_url":"https:\/\/www.umweltaktivisten.de\/index.php\/2018\/02\/05\/appel-tihange-sofort-abschalten\/","og_site_name":"umweltaktivisten.de","article_published_time":"2018-02-05T20:43:32+00:00","article_modified_time":"2018-02-05T21:24:23+00:00","og_image":[{"url":"http:\/\/www.umweltaktivisten.de\/wp-content\/uploads\/2018\/02\/atomic-power-plant-154142_7.png","type":"","width":"","height":""}],"author":"marita","twitter_card":"summary_large_image","twitter_misc":{"Verfasst von":"marita","Gesch\u00e4tzte Lesezeit":"4\u00a0Minuten"},"schema":{"@context":"https:\/\/schema.org","@graph":[{"@type":"Article","@id":"https:\/\/www.umweltaktivisten.de\/index.php\/2018\/02\/05\/appel-tihange-sofort-abschalten\/#article","isPartOf":{"@id":"https:\/\/www.umweltaktivisten.de\/index.php\/2018\/02\/05\/appel-tihange-sofort-abschalten\/"},"author":{"name":"marita","@id":"https:\/\/www.umweltaktivisten.de\/#\/schema\/person\/af601319cc34a906612869cf3b4fd51a"},"headline":"Appel: Tihange sofort abschalten!","datePublished":"2018-02-05T20:43:32+00:00","dateModified":"2018-02-05T21:24:23+00:00","mainEntityOfPage":{"@id":"https:\/\/www.umweltaktivisten.de\/index.php\/2018\/02\/05\/appel-tihange-sofort-abschalten\/"},"wordCount":781,"image":{"@id":"https:\/\/www.umweltaktivisten.de\/index.php\/2018\/02\/05\/appel-tihange-sofort-abschalten\/#primaryimage"},"thumbnailUrl":"http:\/\/www.umweltaktivisten.de\/wp-content\/uploads\/2018\/02\/atomic-power-plant-154142_7.png","keywords":["AKW Tihange","Brennelementefabrik Lingen","Groko","Urananreicherung Gronau"],"articleSection":{"1":"Atom","2":"Braunkohle","3":"Stop Westcastor"},"inLanguage":"de"},{"@type":"WebPage","@id":"https:\/\/www.umweltaktivisten.de\/index.php\/2018\/02\/05\/appel-tihange-sofort-abschalten\/","url":"https:\/\/www.umweltaktivisten.de\/index.php\/2018\/02\/05\/appel-tihange-sofort-abschalten\/","name":"Appel: Tihange sofort abschalten! - umweltaktivisten.de","isPartOf":{"@id":"https:\/\/www.umweltaktivisten.de\/#website"},"primaryImageOfPage":{"@id":"https:\/\/www.umweltaktivisten.de\/index.php\/2018\/02\/05\/appel-tihange-sofort-abschalten\/#primaryimage"},"image":{"@id":"https:\/\/www.umweltaktivisten.de\/index.php\/2018\/02\/05\/appel-tihange-sofort-abschalten\/#primaryimage"},"thumbnailUrl":"http:\/\/www.umweltaktivisten.de\/wp-content\/uploads\/2018\/02\/atomic-power-plant-154142_7.png","datePublished":"2018-02-05T20:43:32+00:00","dateModified":"2018-02-05T21:24:23+00:00","author":{"@id":"https:\/\/www.umweltaktivisten.de\/#\/schema\/person\/af601319cc34a906612869cf3b4fd51a"},"breadcrumb":{"@id":"https:\/\/www.umweltaktivisten.de\/index.php\/2018\/02\/05\/appel-tihange-sofort-abschalten\/#breadcrumb"},"inLanguage":"de","potentialAction":[{"@type":"ReadAction","target":["https:\/\/www.umweltaktivisten.de\/index.php\/2018\/02\/05\/appel-tihange-sofort-abschalten\/"]}]},{"@type":"ImageObject","inLanguage":"de","@id":"https:\/\/www.umweltaktivisten.de\/index.php\/2018\/02\/05\/appel-tihange-sofort-abschalten\/#primaryimage","url":"http:\/\/www.umweltaktivisten.de\/wp-content\/uploads\/2018\/02\/atomic-power-plant-154142_7.png","contentUrl":"http:\/\/www.umweltaktivisten.de\/wp-content\/uploads\/2018\/02\/atomic-power-plant-154142_7.png"},{"@type":"BreadcrumbList","@id":"https:\/\/www.umweltaktivisten.de\/index.php\/2018\/02\/05\/appel-tihange-sofort-abschalten\/#breadcrumb","itemListElement":[{"@type":"ListItem","position":1,"name":"Home","item":"https:\/\/www.umweltaktivisten.de\/"},{"@type":"ListItem","position":2,"name":"Appel: Tihange sofort abschalten!"}]},{"@type":"WebSite","@id":"https:\/\/www.umweltaktivisten.de\/#website","url":"https:\/\/www.umweltaktivisten.de\/","name":"umweltaktivisten.de","description":"&quot;Wir haben die Erde nur von unseren Kindern geborgt&quot;","potentialAction":[{"@type":"SearchAction","target":{"@type":"EntryPoint","urlTemplate":"https:\/\/www.umweltaktivisten.de\/?s={search_term_string}"},"query-input":{"@type":"PropertyValueSpecification","valueRequired":true,"valueName":"search_term_string"}}],"inLanguage":"de"},{"@type":"Person","@id":"https:\/\/www.umweltaktivisten.de\/#\/schema\/person\/af601319cc34a906612869cf3b4fd51a","name":"marita","url":"https:\/\/www.umweltaktivisten.de\/author\/marita\/"}]}},"_links":{"self":[{"href":"https:\/\/www.umweltaktivisten.de\/index.php\/wp-json\/wp\/v2\/posts\/2497","targetHints":{"allow":["GET"]}}],"collection":[{"href":"https:\/\/www.umweltaktivisten.de\/index.php\/wp-json\/wp\/v2\/posts"}],"about":[{"href":"https:\/\/www.umweltaktivisten.de\/index.php\/wp-json\/wp\/v2\/types\/post"}],"author":[{"embeddable":true,"href":"https:\/\/www.umweltaktivisten.de\/index.php\/wp-json\/wp\/v2\/users\/1"}],"replies":[{"embeddable":true,"href":"https:\/\/www.umweltaktivisten.de\/index.php\/wp-json\/wp\/v2\/comments?post=2497"}],"version-history":[{"count":5,"href":"https:\/\/www.umweltaktivisten.de\/index.php\/wp-json\/wp\/v2\/posts\/2497\/revisions"}],"predecessor-version":[{"id":2516,"href":"https:\/\/www.umweltaktivisten.de\/index.php\/wp-json\/wp\/v2\/posts\/2497\/revisions\/2516"}],"wp:attachment":[{"href":"https:\/\/www.umweltaktivisten.de\/index.php\/wp-json\/wp\/v2\/media?parent=2497"}],"wp:term":[{"taxonomy":"category","embeddable":true,"href":"https:\/\/www.umweltaktivisten.de\/index.php\/wp-json\/wp\/v2\/categories?post=2497"},{"taxonomy":"post_tag","embeddable":true,"href":"https:\/\/www.umweltaktivisten.de\/index.php\/wp-json\/wp\/v2\/tags?post=2497"}],"curies":[{"name":"wp","href":"https:\/\/api.w.org\/{rel}","templated":true}]}}