{"id":2485,"date":"2018-01-30T23:59:41","date_gmt":"2018-01-30T22:59:41","guid":{"rendered":"http:\/\/www.umweltaktivisten.de\/?p=2485"},"modified":"2018-01-31T00:44:19","modified_gmt":"2018-01-30T23:44:19","slug":"allianz-gegen-urananreicherung-und-brennelementeproduktion","status":"publish","type":"post","link":"https:\/\/www.umweltaktivisten.de\/index.php\/2018\/01\/30\/allianz-gegen-urananreicherung-und-brennelementeproduktion\/","title":{"rendered":"Allianz gegen Urananreicherung und Brennelementeproduktion"},"content":{"rendered":"<h5><img loading=\"lazy\" decoding=\"async\" class=\"aligncenter size-large wp-image-2173\" src=\"https:\/\/www.umweltaktivisten.de\/wp-content\/uploads\/2017\/04\/20170414_152253-1024x614.jpg\" alt=\"\" width=\"900\" height=\"540\" srcset=\"https:\/\/www.umweltaktivisten.de\/wp-content\/uploads\/2017\/04\/20170414_152253-1024x614.jpg 1024w, https:\/\/www.umweltaktivisten.de\/wp-content\/uploads\/2017\/04\/20170414_152253-300x180.jpg 300w, https:\/\/www.umweltaktivisten.de\/wp-content\/uploads\/2017\/04\/20170414_152253-768x461.jpg 768w, https:\/\/www.umweltaktivisten.de\/wp-content\/uploads\/2017\/04\/20170414_152253-150x90.jpg 150w\" sizes=\"auto, (max-width: 900px) 100vw, 900px\" \/><br \/>\n&#8222;Neue Bundesregierung muss Urananlagen in Gronau und Lingen stilllegen&#8220;<br \/>\n6. Februar: Mahnwache vor D\u00fcsseldorfer Staatskanzlei<\/h5>\n<p>Rund ein Dutzend Anti-Atomkraft-Initiativen und Umweltverb\u00e4nde haben sich am vergangenen Wochenende in M\u00fcnster zu einer Allianz zusammengeschlossen, um gemeinsam zu erreichen, dass die neue Bundesregierung die Urananreicherungsanlage Gronau und die Brennelementefabrik Lingen in den Atomausstieg mit aufnimmt. Bislang d\u00fcrfen die beiden Atomanlagen zeitlich unbefristet weiterlaufen. Die Initiativen und Verb\u00e4nde fordern nun vehement, dass bei den begonnenen Koalitionsgespr\u00e4chen zwischen CDU und SPD auf Grundlage der j\u00fcngst vom Bundesumweltministerium vorgestellten Rechtsgutachten die Stilllegung dieser beiden wichtigen Atomanlagen festgezurrt wird. Zugleich muss ein ambitionierter Ausstiegsplan aus der Braunkohle vereinbart werden, um die Klimaziele f\u00fcr 2020 noch zu erreichen.<\/p>\n<div id=\"attachment_2043\" style=\"width: 910px\" class=\"wp-caption aligncenter\"><img loading=\"lazy\" decoding=\"async\" aria-describedby=\"caption-attachment-2043\" class=\"size-large wp-image-2043\" src=\"https:\/\/www.umweltaktivisten.de\/wp-content\/uploads\/2017\/03\/Michael-Gaida-architecture-974210_1920-1024x768.jpg\" alt=\"\" width=\"900\" height=\"675\" srcset=\"https:\/\/www.umweltaktivisten.de\/wp-content\/uploads\/2017\/03\/Michael-Gaida-architecture-974210_1920-1024x768.jpg 1024w, https:\/\/www.umweltaktivisten.de\/wp-content\/uploads\/2017\/03\/Michael-Gaida-architecture-974210_1920-300x225.jpg 300w, https:\/\/www.umweltaktivisten.de\/wp-content\/uploads\/2017\/03\/Michael-Gaida-architecture-974210_1920-768x576.jpg 768w, https:\/\/www.umweltaktivisten.de\/wp-content\/uploads\/2017\/03\/Michael-Gaida-architecture-974210_1920-150x113.jpg 150w, https:\/\/www.umweltaktivisten.de\/wp-content\/uploads\/2017\/03\/Michael-Gaida-architecture-974210_1920.jpg 1920w\" sizes=\"auto, (max-width: 900px) 100vw, 900px\" \/><p id=\"caption-attachment-2043\" class=\"wp-caption-text\">Foto: Michael Gaida<\/p><\/div>\n<p>Besonders im Fokus steht NRW-Ministerpr\u00e4sident Armin Laschet (CDU): &#8222;Es war Herr Laschet, der als Ministerpr\u00e4sident im Sommer 2017 ein Ende der gef\u00e4hrlichen Brennelementexporte von Lingen zu den belgischen Schrottreaktoren Tihange und Doel gefordert hat. Stattdessen fordert er nun, dreckigen Braunkohlestrom nach Belgien zu liefern. Von einem Exportstopp f\u00fcr Brennelemente ist nicht mehr die Rede. Der Atomausstieg und das schnelle Ende der Braunkohlef\u00f6rderung und \u2013verstromung d\u00fcrfen nicht gegeneinander ausgespielt werden&#8220;, erkl\u00e4rte Dr. Angelika Clau\u00dfen von der atomkritischen \u00c4rzteorganisation IPPNW.<\/p>\n<p>Um ihren Forderungen Nachdruck zu verleihen, rufen die Initiativen und Verb\u00e4nde f\u00fcr Dienstag, 6. Februar, um 16 Uhr zu einer Mahnwache vor der D\u00fcsseldorfer Staatskanzlei am Horionplatz auf. &#8222;In den Koalitionsgespr\u00e4chen wird die Atom- und Umweltpolitik der n\u00e4chsten Jahre festgelegt. Weder CDU noch SPD d\u00fcrfen weggucken, wenn Deutschland Schrottreaktoren im Ausland mit Uranbrennstoff beliefert \u2013 und zugleich die eigenen Klimaziele unverbindlich in die ferne Zukunft verschiebt.<br \/>\nEin &#8222;Weiter so&#8220; der GroKo w\u00e4re ein umweltpolitischer Mega-GAU&#8220;, so Matthias Eickhoff vom Aktionsb\u00fcndnis M\u00fcnsterland gegen Atomanlagen.<\/p>\n<p><strong>Kritik an Brennelementexporten von Lingen zum neuen AKW Olkiluoto 3 <\/strong><\/p>\n<p>Zugleich kritisieren die Initiativen und Verb\u00e4nde scharf, dass Deutschland in den letzten Monaten auch den neuen finnischen Reaktor Olkiluoto 3 aus Lingen mit frischen Brennelementen zur Inbetriebnahme beliefert hat. Schon jetzt ist das AKW durch gravierende Baupannen ein Skandalreaktor und sollte auf keinen Fall ans Netz gehen. Mit den entsprechenden Exportgenehmigungen hat die Bundesregierung erneut das Gefahrenpotenzial eines schweren Reaktorungl\u00fccks in Europa erh\u00f6ht.<\/p>\n<p><strong>Urantransporte-Aktionstag und Ostermarsch Gronau<\/strong><\/p>\n<p>Gegen die Urantransporte quer durch Deutschland von und zu den Hamburger H\u00e4fen planen die Initiativen f\u00fcr den 24. Februar einen dezentralen Aktionstag entlang der Transportstrecken. F\u00fcr den 30. M\u00e4rz k\u00fcndigten die Initiativen und Verb\u00e4nde zudem einen Ostermarsch in Gronau gegen die milit\u00e4rische Nutzbarkeit der Urananreicherung an. Gerade die jetzt bekannt gewordenen Pl\u00e4ne unter anderem des US-Urananreicherers Centrus Energy, Anteile am deutschen Urananreicherer Urenco zu erwerben, f\u00fchren zu gro\u00dfer Sorge, dass die Urananreicherung in Gronau in Zukunft auch f\u00fcr milit\u00e4rische Zwecke genutzt wird. (PM 29. Februar)<\/p>\n<p>Weitere Infos:<\/p>\n<p><a class=\"moz-txt-link-abbreviated\" href=\"http:\/\/www.ippnw.de\" target=\"_blank\" rel=\"noopener\">www.ippnw.de<\/a>, <a class=\"moz-txt-link-abbreviated\" href=\"http:\/\/www.sofa-ms.de\" target=\"_blank\" rel=\"noopener\">www.sofa-ms.de<\/a>, <a class=\"moz-txt-link-abbreviated\" href=\"http:\/\/www.antiatombonn.de\" target=\"_blank\" rel=\"noopener\">www.antiatombonn.de<\/a>, <a class=\"moz-txt-link-abbreviated\" href=\"http:\/\/www.bbu-online.de\" target=\"_blank\" rel=\"noopener\">www.bbu-online.de<\/a>, <a class=\"moz-txt-link-abbreviated\" href=\"http:\/\/www.urantransport.de\" target=\"_blank\" rel=\"noopener\">www.urantransport.de<\/a><\/p>\n<p>Herausgeber:<\/p>\n<p>Bundesverband B\u00fcrgerinitiativen Umweltschutz (BBU)<br \/>\nInternationale \u00c4rzte zur Verh\u00fctung des Atomkrieges &#8211; \u00c4rzte in sozialer<br \/>\nVerantwortung (IPPNW)<br \/>\nAktionsb\u00fcndnis M\u00fcnsterland gegen Atomanlagen<br \/>\nAachener Aktionsb\u00fcndnis gegen Atomenergie<br \/>\nArbeitskreis Umwelt (AKU) Gronau<br \/>\nNatur- und Umweltschutzverein Gronau (NUG)<br \/>\nArbeitskreis Umwelt (AKU) Sch\u00fcttorf<br \/>\nAntiAtomBonn<br \/>\nB\u00fcrgerinitiative Umweltschutz L\u00fcchow-Dannenberg<br \/>\nContratom<br \/>\nSOFA (Sofortiger Atomausstieg) M\u00fcnster<\/p>\n","protected":false},"excerpt":{"rendered":"<p>&#8222;Neue Bundesregierung muss Urananlagen in Gronau und Lingen stilllegen&#8220; 6. Februar: Mahnwache vor D\u00fcsseldorfer Staatskanzlei Rund ein Dutzend Anti-Atomkraft-Initiativen und Umweltverb\u00e4nde haben sich am vergangenen Wochenende in M\u00fcnster zu einer Allianz zusammengeschlossen, um gemeinsam zu erreichen, dass die neue Bundesregierung die Urananreicherungsanlage Gronau und die Brennelementefabrik Lingen in den Atomausstieg\u2026<\/p>\n<p class=\"continue-reading-button\"> <a class=\"continue-reading-link\" href=\"https:\/\/www.umweltaktivisten.de\/index.php\/2018\/01\/30\/allianz-gegen-urananreicherung-und-brennelementeproduktion\/\">weiter &#8230;<i class=\"crycon-right-dir\"><\/i><\/a><\/p>\n","protected":false},"author":1,"featured_media":2313,"comment_status":"closed","ping_status":"closed","sticky":false,"template":"","format":"standard","meta":{"footnotes":""},"categories":[1,21,20],"tags":[191,144,147],"class_list":["post-2485","post","type-post","status-publish","format-standard","has-post-thumbnail","hentry","category-allgemein","category-atom","category-braunkohle","tag-brennelementefabrik-lingen","tag-ostermarsch","tag-urananreicherung"],"yoast_head":"<!-- This site is optimized with the Yoast SEO plugin v27.5 - https:\/\/yoast.com\/product\/yoast-seo-wordpress\/ -->\n<title>Allianz gegen Urananreicherung und Brennelementeproduktion - umweltaktivisten.de<\/title>\n<meta name=\"robots\" content=\"index, nofollow, max-snippet:-1, max-image-preview:large, max-video-preview:-1\" \/>\n<link rel=\"canonical\" href=\"https:\/\/www.umweltaktivisten.de\/index.php\/2018\/01\/30\/allianz-gegen-urananreicherung-und-brennelementeproduktion\/\" \/>\n<meta property=\"og:locale\" content=\"de_DE\" \/>\n<meta property=\"og:type\" content=\"article\" \/>\n<meta property=\"og:title\" content=\"Allianz gegen Urananreicherung und Brennelementeproduktion - umweltaktivisten.de\" \/>\n<meta property=\"og:description\" content=\"&#8222;Neue Bundesregierung muss Urananlagen in Gronau und Lingen stilllegen&#8220; 6. Februar: Mahnwache vor D\u00fcsseldorfer Staatskanzlei Rund ein Dutzend Anti-Atomkraft-Initiativen und Umweltverb\u00e4nde haben sich am vergangenen Wochenende in M\u00fcnster zu einer Allianz zusammengeschlossen, um gemeinsam zu erreichen, dass die neue Bundesregierung die Urananreicherungsanlage Gronau und die Brennelementefabrik Lingen in den Atomausstieg\u2026 weiter ...\" \/>\n<meta property=\"og:url\" content=\"https:\/\/www.umweltaktivisten.de\/index.php\/2018\/01\/30\/allianz-gegen-urananreicherung-und-brennelementeproduktion\/\" \/>\n<meta property=\"og:site_name\" content=\"umweltaktivisten.de\" \/>\n<meta property=\"article:published_time\" content=\"2018-01-30T22:59:41+00:00\" \/>\n<meta property=\"article:modified_time\" content=\"2018-01-30T23:44:19+00:00\" \/>\n<meta property=\"og:image\" content=\"https:\/\/www.umweltaktivisten.de\/wp-content\/uploads\/2017\/09\/w_Foto-Lingen-Demo-29.10.2016-SOFA.jpg\" \/>\n\t<meta property=\"og:image:width\" content=\"300\" \/>\n\t<meta property=\"og:image:height\" content=\"200\" \/>\n\t<meta property=\"og:image:type\" content=\"image\/jpeg\" \/>\n<meta name=\"author\" content=\"marita\" \/>\n<meta name=\"twitter:card\" content=\"summary_large_image\" \/>\n<meta name=\"twitter:label1\" content=\"Verfasst von\" \/>\n\t<meta name=\"twitter:data1\" content=\"marita\" \/>\n\t<meta name=\"twitter:label2\" content=\"Gesch\u00e4tzte Lesezeit\" \/>\n\t<meta name=\"twitter:data2\" content=\"3\u00a0Minuten\" \/>\n<script type=\"application\/ld+json\" class=\"yoast-schema-graph\">{\"@context\":\"https:\\\/\\\/schema.org\",\"@graph\":[{\"@type\":\"Article\",\"@id\":\"https:\\\/\\\/www.umweltaktivisten.de\\\/index.php\\\/2018\\\/01\\\/30\\\/allianz-gegen-urananreicherung-und-brennelementeproduktion\\\/#article\",\"isPartOf\":{\"@id\":\"https:\\\/\\\/www.umweltaktivisten.de\\\/index.php\\\/2018\\\/01\\\/30\\\/allianz-gegen-urananreicherung-und-brennelementeproduktion\\\/\"},\"author\":{\"name\":\"marita\",\"@id\":\"https:\\\/\\\/www.umweltaktivisten.de\\\/#\\\/schema\\\/person\\\/af601319cc34a906612869cf3b4fd51a\"},\"headline\":\"Allianz gegen Urananreicherung und Brennelementeproduktion\",\"datePublished\":\"2018-01-30T22:59:41+00:00\",\"dateModified\":\"2018-01-30T23:44:19+00:00\",\"mainEntityOfPage\":{\"@id\":\"https:\\\/\\\/www.umweltaktivisten.de\\\/index.php\\\/2018\\\/01\\\/30\\\/allianz-gegen-urananreicherung-und-brennelementeproduktion\\\/\"},\"wordCount\":550,\"image\":{\"@id\":\"https:\\\/\\\/www.umweltaktivisten.de\\\/index.php\\\/2018\\\/01\\\/30\\\/allianz-gegen-urananreicherung-und-brennelementeproduktion\\\/#primaryimage\"},\"thumbnailUrl\":\"https:\\\/\\\/www.umweltaktivisten.de\\\/wp-content\\\/uploads\\\/2017\\\/09\\\/w_Foto-Lingen-Demo-29.10.2016-SOFA.jpg\",\"keywords\":[\"Brennelementefabrik Lingen\",\"Ostermarsch\",\"Urananreicherung\"],\"articleSection\":{\"1\":\"Atom\",\"2\":\"Braunkohle\"},\"inLanguage\":\"de\"},{\"@type\":\"WebPage\",\"@id\":\"https:\\\/\\\/www.umweltaktivisten.de\\\/index.php\\\/2018\\\/01\\\/30\\\/allianz-gegen-urananreicherung-und-brennelementeproduktion\\\/\",\"url\":\"https:\\\/\\\/www.umweltaktivisten.de\\\/index.php\\\/2018\\\/01\\\/30\\\/allianz-gegen-urananreicherung-und-brennelementeproduktion\\\/\",\"name\":\"Allianz gegen Urananreicherung und Brennelementeproduktion - umweltaktivisten.de\",\"isPartOf\":{\"@id\":\"https:\\\/\\\/www.umweltaktivisten.de\\\/#website\"},\"primaryImageOfPage\":{\"@id\":\"https:\\\/\\\/www.umweltaktivisten.de\\\/index.php\\\/2018\\\/01\\\/30\\\/allianz-gegen-urananreicherung-und-brennelementeproduktion\\\/#primaryimage\"},\"image\":{\"@id\":\"https:\\\/\\\/www.umweltaktivisten.de\\\/index.php\\\/2018\\\/01\\\/30\\\/allianz-gegen-urananreicherung-und-brennelementeproduktion\\\/#primaryimage\"},\"thumbnailUrl\":\"https:\\\/\\\/www.umweltaktivisten.de\\\/wp-content\\\/uploads\\\/2017\\\/09\\\/w_Foto-Lingen-Demo-29.10.2016-SOFA.jpg\",\"datePublished\":\"2018-01-30T22:59:41+00:00\",\"dateModified\":\"2018-01-30T23:44:19+00:00\",\"author\":{\"@id\":\"https:\\\/\\\/www.umweltaktivisten.de\\\/#\\\/schema\\\/person\\\/af601319cc34a906612869cf3b4fd51a\"},\"breadcrumb\":{\"@id\":\"https:\\\/\\\/www.umweltaktivisten.de\\\/index.php\\\/2018\\\/01\\\/30\\\/allianz-gegen-urananreicherung-und-brennelementeproduktion\\\/#breadcrumb\"},\"inLanguage\":\"de\",\"potentialAction\":[{\"@type\":\"ReadAction\",\"target\":[\"https:\\\/\\\/www.umweltaktivisten.de\\\/index.php\\\/2018\\\/01\\\/30\\\/allianz-gegen-urananreicherung-und-brennelementeproduktion\\\/\"]}]},{\"@type\":\"ImageObject\",\"inLanguage\":\"de\",\"@id\":\"https:\\\/\\\/www.umweltaktivisten.de\\\/index.php\\\/2018\\\/01\\\/30\\\/allianz-gegen-urananreicherung-und-brennelementeproduktion\\\/#primaryimage\",\"url\":\"https:\\\/\\\/www.umweltaktivisten.de\\\/wp-content\\\/uploads\\\/2017\\\/09\\\/w_Foto-Lingen-Demo-29.10.2016-SOFA.jpg\",\"contentUrl\":\"https:\\\/\\\/www.umweltaktivisten.de\\\/wp-content\\\/uploads\\\/2017\\\/09\\\/w_Foto-Lingen-Demo-29.10.2016-SOFA.jpg\",\"width\":300,\"height\":200},{\"@type\":\"BreadcrumbList\",\"@id\":\"https:\\\/\\\/www.umweltaktivisten.de\\\/index.php\\\/2018\\\/01\\\/30\\\/allianz-gegen-urananreicherung-und-brennelementeproduktion\\\/#breadcrumb\",\"itemListElement\":[{\"@type\":\"ListItem\",\"position\":1,\"name\":\"Home\",\"item\":\"https:\\\/\\\/www.umweltaktivisten.de\\\/\"},{\"@type\":\"ListItem\",\"position\":2,\"name\":\"Allianz gegen Urananreicherung und Brennelementeproduktion\"}]},{\"@type\":\"WebSite\",\"@id\":\"https:\\\/\\\/www.umweltaktivisten.de\\\/#website\",\"url\":\"https:\\\/\\\/www.umweltaktivisten.de\\\/\",\"name\":\"umweltaktivisten.de\",\"description\":\"&quot;Wir haben die Erde nur von unseren Kindern geborgt&quot;\",\"potentialAction\":[{\"@type\":\"SearchAction\",\"target\":{\"@type\":\"EntryPoint\",\"urlTemplate\":\"https:\\\/\\\/www.umweltaktivisten.de\\\/?s={search_term_string}\"},\"query-input\":{\"@type\":\"PropertyValueSpecification\",\"valueRequired\":true,\"valueName\":\"search_term_string\"}}],\"inLanguage\":\"de\"},{\"@type\":\"Person\",\"@id\":\"https:\\\/\\\/www.umweltaktivisten.de\\\/#\\\/schema\\\/person\\\/af601319cc34a906612869cf3b4fd51a\",\"name\":\"marita\",\"url\":\"https:\\\/\\\/www.umweltaktivisten.de\\\/author\\\/marita\\\/\"}]}<\/script>\n<!-- \/ Yoast SEO plugin. -->","yoast_head_json":{"title":"Allianz gegen Urananreicherung und Brennelementeproduktion - umweltaktivisten.de","robots":{"index":"index","follow":"nofollow","max-snippet":"max-snippet:-1","max-image-preview":"max-image-preview:large","max-video-preview":"max-video-preview:-1"},"canonical":"https:\/\/www.umweltaktivisten.de\/index.php\/2018\/01\/30\/allianz-gegen-urananreicherung-und-brennelementeproduktion\/","og_locale":"de_DE","og_type":"article","og_title":"Allianz gegen Urananreicherung und Brennelementeproduktion - umweltaktivisten.de","og_description":"&#8222;Neue Bundesregierung muss Urananlagen in Gronau und Lingen stilllegen&#8220; 6. Februar: Mahnwache vor D\u00fcsseldorfer Staatskanzlei Rund ein Dutzend Anti-Atomkraft-Initiativen und Umweltverb\u00e4nde haben sich am vergangenen Wochenende in M\u00fcnster zu einer Allianz zusammengeschlossen, um gemeinsam zu erreichen, dass die neue Bundesregierung die Urananreicherungsanlage Gronau und die Brennelementefabrik Lingen in den Atomausstieg\u2026 weiter ...","og_url":"https:\/\/www.umweltaktivisten.de\/index.php\/2018\/01\/30\/allianz-gegen-urananreicherung-und-brennelementeproduktion\/","og_site_name":"umweltaktivisten.de","article_published_time":"2018-01-30T22:59:41+00:00","article_modified_time":"2018-01-30T23:44:19+00:00","og_image":[{"width":300,"height":200,"url":"https:\/\/www.umweltaktivisten.de\/wp-content\/uploads\/2017\/09\/w_Foto-Lingen-Demo-29.10.2016-SOFA.jpg","type":"image\/jpeg"}],"author":"marita","twitter_card":"summary_large_image","twitter_misc":{"Verfasst von":"marita","Gesch\u00e4tzte Lesezeit":"3\u00a0Minuten"},"schema":{"@context":"https:\/\/schema.org","@graph":[{"@type":"Article","@id":"https:\/\/www.umweltaktivisten.de\/index.php\/2018\/01\/30\/allianz-gegen-urananreicherung-und-brennelementeproduktion\/#article","isPartOf":{"@id":"https:\/\/www.umweltaktivisten.de\/index.php\/2018\/01\/30\/allianz-gegen-urananreicherung-und-brennelementeproduktion\/"},"author":{"name":"marita","@id":"https:\/\/www.umweltaktivisten.de\/#\/schema\/person\/af601319cc34a906612869cf3b4fd51a"},"headline":"Allianz gegen Urananreicherung und Brennelementeproduktion","datePublished":"2018-01-30T22:59:41+00:00","dateModified":"2018-01-30T23:44:19+00:00","mainEntityOfPage":{"@id":"https:\/\/www.umweltaktivisten.de\/index.php\/2018\/01\/30\/allianz-gegen-urananreicherung-und-brennelementeproduktion\/"},"wordCount":550,"image":{"@id":"https:\/\/www.umweltaktivisten.de\/index.php\/2018\/01\/30\/allianz-gegen-urananreicherung-und-brennelementeproduktion\/#primaryimage"},"thumbnailUrl":"https:\/\/www.umweltaktivisten.de\/wp-content\/uploads\/2017\/09\/w_Foto-Lingen-Demo-29.10.2016-SOFA.jpg","keywords":["Brennelementefabrik Lingen","Ostermarsch","Urananreicherung"],"articleSection":{"1":"Atom","2":"Braunkohle"},"inLanguage":"de"},{"@type":"WebPage","@id":"https:\/\/www.umweltaktivisten.de\/index.php\/2018\/01\/30\/allianz-gegen-urananreicherung-und-brennelementeproduktion\/","url":"https:\/\/www.umweltaktivisten.de\/index.php\/2018\/01\/30\/allianz-gegen-urananreicherung-und-brennelementeproduktion\/","name":"Allianz gegen Urananreicherung und Brennelementeproduktion - umweltaktivisten.de","isPartOf":{"@id":"https:\/\/www.umweltaktivisten.de\/#website"},"primaryImageOfPage":{"@id":"https:\/\/www.umweltaktivisten.de\/index.php\/2018\/01\/30\/allianz-gegen-urananreicherung-und-brennelementeproduktion\/#primaryimage"},"image":{"@id":"https:\/\/www.umweltaktivisten.de\/index.php\/2018\/01\/30\/allianz-gegen-urananreicherung-und-brennelementeproduktion\/#primaryimage"},"thumbnailUrl":"https:\/\/www.umweltaktivisten.de\/wp-content\/uploads\/2017\/09\/w_Foto-Lingen-Demo-29.10.2016-SOFA.jpg","datePublished":"2018-01-30T22:59:41+00:00","dateModified":"2018-01-30T23:44:19+00:00","author":{"@id":"https:\/\/www.umweltaktivisten.de\/#\/schema\/person\/af601319cc34a906612869cf3b4fd51a"},"breadcrumb":{"@id":"https:\/\/www.umweltaktivisten.de\/index.php\/2018\/01\/30\/allianz-gegen-urananreicherung-und-brennelementeproduktion\/#breadcrumb"},"inLanguage":"de","potentialAction":[{"@type":"ReadAction","target":["https:\/\/www.umweltaktivisten.de\/index.php\/2018\/01\/30\/allianz-gegen-urananreicherung-und-brennelementeproduktion\/"]}]},{"@type":"ImageObject","inLanguage":"de","@id":"https:\/\/www.umweltaktivisten.de\/index.php\/2018\/01\/30\/allianz-gegen-urananreicherung-und-brennelementeproduktion\/#primaryimage","url":"https:\/\/www.umweltaktivisten.de\/wp-content\/uploads\/2017\/09\/w_Foto-Lingen-Demo-29.10.2016-SOFA.jpg","contentUrl":"https:\/\/www.umweltaktivisten.de\/wp-content\/uploads\/2017\/09\/w_Foto-Lingen-Demo-29.10.2016-SOFA.jpg","width":300,"height":200},{"@type":"BreadcrumbList","@id":"https:\/\/www.umweltaktivisten.de\/index.php\/2018\/01\/30\/allianz-gegen-urananreicherung-und-brennelementeproduktion\/#breadcrumb","itemListElement":[{"@type":"ListItem","position":1,"name":"Home","item":"https:\/\/www.umweltaktivisten.de\/"},{"@type":"ListItem","position":2,"name":"Allianz gegen Urananreicherung und Brennelementeproduktion"}]},{"@type":"WebSite","@id":"https:\/\/www.umweltaktivisten.de\/#website","url":"https:\/\/www.umweltaktivisten.de\/","name":"umweltaktivisten.de","description":"&quot;Wir haben die Erde nur von unseren Kindern geborgt&quot;","potentialAction":[{"@type":"SearchAction","target":{"@type":"EntryPoint","urlTemplate":"https:\/\/www.umweltaktivisten.de\/?s={search_term_string}"},"query-input":{"@type":"PropertyValueSpecification","valueRequired":true,"valueName":"search_term_string"}}],"inLanguage":"de"},{"@type":"Person","@id":"https:\/\/www.umweltaktivisten.de\/#\/schema\/person\/af601319cc34a906612869cf3b4fd51a","name":"marita","url":"https:\/\/www.umweltaktivisten.de\/author\/marita\/"}]}},"_links":{"self":[{"href":"https:\/\/www.umweltaktivisten.de\/index.php\/wp-json\/wp\/v2\/posts\/2485","targetHints":{"allow":["GET"]}}],"collection":[{"href":"https:\/\/www.umweltaktivisten.de\/index.php\/wp-json\/wp\/v2\/posts"}],"about":[{"href":"https:\/\/www.umweltaktivisten.de\/index.php\/wp-json\/wp\/v2\/types\/post"}],"author":[{"embeddable":true,"href":"https:\/\/www.umweltaktivisten.de\/index.php\/wp-json\/wp\/v2\/users\/1"}],"replies":[{"embeddable":true,"href":"https:\/\/www.umweltaktivisten.de\/index.php\/wp-json\/wp\/v2\/comments?post=2485"}],"version-history":[{"count":8,"href":"https:\/\/www.umweltaktivisten.de\/index.php\/wp-json\/wp\/v2\/posts\/2485\/revisions"}],"predecessor-version":[{"id":2494,"href":"https:\/\/www.umweltaktivisten.de\/index.php\/wp-json\/wp\/v2\/posts\/2485\/revisions\/2494"}],"wp:featuredmedia":[{"embeddable":true,"href":"https:\/\/www.umweltaktivisten.de\/index.php\/wp-json\/wp\/v2\/media\/2313"}],"wp:attachment":[{"href":"https:\/\/www.umweltaktivisten.de\/index.php\/wp-json\/wp\/v2\/media?parent=2485"}],"wp:term":[{"taxonomy":"category","embeddable":true,"href":"https:\/\/www.umweltaktivisten.de\/index.php\/wp-json\/wp\/v2\/categories?post=2485"},{"taxonomy":"post_tag","embeddable":true,"href":"https:\/\/www.umweltaktivisten.de\/index.php\/wp-json\/wp\/v2\/tags?post=2485"}],"curies":[{"name":"wp","href":"https:\/\/api.w.org\/{rel}","templated":true}]}}