{"id":2375,"date":"2017-10-11T23:56:45","date_gmt":"2017-10-11T21:56:45","guid":{"rendered":"http:\/\/www.umweltaktivisten.de\/?p=2375"},"modified":"2017-10-11T23:56:45","modified_gmt":"2017-10-11T21:56:45","slug":"schwimmen-gegen-neckar-castor-enbw-laesst-bevoelkerung-die-atommuell-probleme-ausbaden","status":"publish","type":"post","link":"https:\/\/www.umweltaktivisten.de\/index.php\/2017\/10\/11\/schwimmen-gegen-neckar-castor-enbw-laesst-bevoelkerung-die-atommuell-probleme-ausbaden\/","title":{"rendered":"Schwimmen gegen Neckar-CASTOR: EnBW l\u00e4sst Bev\u00f6lkerung die Atomm\u00fcll-Probleme ausbaden"},"content":{"rendered":"<p><img loading=\"lazy\" decoding=\"async\" class=\"size-full wp-image-2196 alignleft\" src=\"https:\/\/www.umweltaktivisten.de\/wp-content\/uploads\/2017\/06\/kein-castor-neckar-.jpg\" alt=\"\" width=\"300\" height=\"225\" srcset=\"https:\/\/www.umweltaktivisten.de\/wp-content\/uploads\/2017\/06\/kein-castor-neckar-.jpg 300w, https:\/\/www.umweltaktivisten.de\/wp-content\/uploads\/2017\/06\/kein-castor-neckar--150x113.jpg 150w\" sizes=\"auto, (max-width: 300px) 100vw, 300px\" \/><\/p>\n<h5><strong>Anti-Atom-AktivistInnen protestieren heute gegen den dritten <\/strong><strong>Castor-Transport auf dem Neckar.<\/strong><\/h5>\n<p><strong>In der N\u00e4he der Schleuse Gundelsheim (Landkreis Heilbronn) haben sich am Morgen vier SchwimmerInnen ins Wasser begeben und dort ein \u201eStoppt CASTOR!\u201c-Banner hochgehalten.<\/strong> <strong>ROBIN WOOD fordert den Energiekonzern EnBW sowie die Landesregierung auf, die unsinnige und gef\u00e4hrliche Atomm\u00fcll-Verschieberei auf dem Neckar zu stoppen.<\/strong> Au\u00dferdem sollen sie die Produktion weiteren Atomm\u00fclls unterlassen und ein schl\u00fcssiges Konzept f\u00fcr den Umgang mit den strahlenden Hinterlassenschaften der Atomindustrie vorlegen. <strong>Heute fr\u00fch ist der dritte von insgesamt f\u00fcnf geplanten Schiffstransporten mit hochradioaktivem Atomm\u00fcll von Neckarwestheim nach Obrigheim gestartet.<\/strong> Mit der Aktion unterst\u00fctzen die AktivistInnen Proteste des B\u00fcndnisses Neckar castorfrei.<\/p>\n<p>\u201eManche meinen, der M\u00fcll sei nun mal da und deshalb habe es keinen Sinn mehr, dagegen zu protestieren. Das halten wir f\u00fcr falsch. Proteste sind dringend n\u00f6tig, um darauf aufmerksam zu machen, wie konzept- und verantwortungslos Konzerne und Politik mit dem lebensgef\u00e4hrlichen M\u00fcll umgehen\u201c, sagt ROBIN WOOD-Aktivist Julian Smaluhn. \u201eEs kann nicht sein, dass weiterhin Atomm\u00fcll produziert wird, w\u00e4hrend die Allgemeinheit die Fehler der Atomwirtschaft ausbaden muss!\u201c<\/p>\n<p>Der Transport des Atomm\u00fclls von Neckarwestheim ins Zwischenlager nach Obrigheim l\u00f6st keinerlei Probleme. Die Atomm\u00fcll-Verschieberei zeigt vielmehr, dass es keinen planvollen, sicheren Umgang mit diesem ewig strahlenden M\u00fcll gibt.<\/p>\n<p>Das Konzept f\u00fcr die sogenannte Zwischenlagerung ist nicht schl\u00fcssig. Das zeigt sich bereits am Zeitplan. Alle Genehmigungen f\u00fcr Zwischenlager sind auf 40 Jahre begrenzt \u2013 f\u00fcr Gorleben l\u00e4uft die erste im Jahr 2034 aus, f\u00fcr Neckarwestheim liegt die Deadline bei 2046. Die dauerhafte Unterbringung des Atomm\u00fclls in \u201etiefen geologischen Formationen\u201c eines sogenannten Endlagers stellt der Gesetzgeber f\u00fcr fr\u00fchestens 2050 in Aussicht \u00ad\u2013 angesichts der Erfahrungen mit dem jahrzehntelangen Verschleppen des Problems eine unrealistische Prognose.<\/p>\n<p>F\u00fcr die bestehende zeitliche L\u00fccke gibt es von Seiten der zust\u00e4ndigen Beh\u00f6rden keine L\u00f6sungsans\u00e4tze. Auch f\u00fcr Reparaturarbeiten an den Beh\u00e4ltern haben sie keinen Plan.<\/p>\n<p>Trotzdem sind \u2013 \u00fcber die Transporte auf dem Neckar hinaus \u2013 weitere geplant, etwa von J\u00fclich und Garching sowie aus La Hague und Sellafield zur\u00fcck nach Deutschland.<\/p>\n<p>Die Risiken werden der Bev\u00f6lkerung aufgeb\u00fcrdet \u2013 ohne das klar ist, wie lange der M\u00fcll am Zielort verbleiben kann, wie er dort sicher gelagert werden kann und wo er auf Dauer hin soll.<\/p>\n<p>Angesichts dieses Atomm\u00fcll-Desasters fordert ROBIN WOOD:<br \/>\n* Atomm\u00fcllverschieberei sofort stoppen!<br \/>\n* Abschaltung s\u00e4mtlicher noch laufender Atomanlagen, die zur<br \/>\nVergr\u00f6\u00dferung des M\u00fcllproblems beitragen!<\/p>\n<p>(PM: Robin Wood 11.Oktober 2017)<\/p>\n<p>B\u00fcndnis Neckar castorfrei: <a href=\"http:\/\/www.Neckar-castorfrei.de\" target=\"_blank\" rel=\"noopener\">www.Neckar-castorfrei.de<\/a><\/p>\n<p>* Zum Thema Atomm\u00fcll:<br \/>\nVortrag von Wolfgang Neumann bei der 9. Atomm\u00fcllkonferenz:<br \/>\n<a href=\"http:\/\/www.atommuellkonferenz.de\/wp-content\/uploads\/Zwischenlagerung-Atomm%C3%Bcllkonferenz-2016.pdf\" target=\"_blank\" rel=\"noopener\">http:\/\/www.atommuellkonferenz.de\/wp-content\/uploads\/Zwischenlagerung-Atomm%C3%Bcllkonferenz-2016.pdf<\/a><\/p>\n<p>Atomm\u00fcllreport: <a href=\"http:\/\/www.atommuellreport.de\" target=\"_blank\" rel=\"noopener\">www.atommuellreport.de<\/a><\/p>\n<p>* Zum Protest gegen den ersten Neckar-CASTOR-Transport am 28.6.17:<br \/>\n<a href=\"https:\/\/www.robinwood.de\/pressemitteilungen\/atomm%C3%BCll-verhindern-statt-verschieben\" target=\"_blank\" rel=\"noopener\">https:\/\/www.robinwood.de\/pressemitteilungen\/atomm%C3%BCll-verhindern-statt-verschieben<\/a><\/p>\n","protected":false},"excerpt":{"rendered":"<p>Anti-Atom-AktivistInnen protestieren heute gegen den dritten Castor-Transport auf dem Neckar. In der N\u00e4he der Schleuse Gundelsheim (Landkreis Heilbronn) haben sich am Morgen vier SchwimmerInnen ins Wasser begeben und dort ein \u201eStoppt CASTOR!\u201c-Banner hochgehalten. ROBIN WOOD fordert den Energiekonzern EnBW sowie die Landesregierung auf, die unsinnige und gef\u00e4hrliche Atomm\u00fcll-Verschieberei auf dem\u2026<\/p>\n<p class=\"continue-reading-button\"> <a class=\"continue-reading-link\" href=\"https:\/\/www.umweltaktivisten.de\/index.php\/2017\/10\/11\/schwimmen-gegen-neckar-castor-enbw-laesst-bevoelkerung-die-atommuell-probleme-ausbaden\/\">weiter &#8230;<i class=\"crycon-right-dir\"><\/i><\/a><\/p>\n","protected":false},"author":1,"featured_media":2196,"comment_status":"closed","ping_status":"closed","sticky":false,"template":"","format":"standard","meta":{"footnotes":""},"categories":[1,21,13],"tags":[251,226],"class_list":["post-2375","post","type-post","status-publish","format-standard","has-post-thumbnail","hentry","category-allgemein","category-atom","category-robin-wood","tag-neckarwestheim","tag-robin-hood"],"yoast_head":"<!-- This site is optimized with the Yoast SEO plugin v27.5 - https:\/\/yoast.com\/product\/yoast-seo-wordpress\/ -->\n<title>Schwimmen gegen Neckar-Castor<\/title>\n<meta name=\"description\" content=\"Anti-Atom-Aktivisten protestieren gegen den dritten Castor-Transport auf dem Neckar: Sie haben im Wasser ein &quot;Stoppt CASTOR&quot;-Banner hochgehalten.\" \/>\n<meta name=\"robots\" content=\"index, nofollow, max-snippet:-1, max-image-preview:large, max-video-preview:-1\" \/>\n<link rel=\"canonical\" href=\"https:\/\/www.umweltaktivisten.de\/index.php\/2017\/10\/11\/schwimmen-gegen-neckar-castor-enbw-laesst-bevoelkerung-die-atommuell-probleme-ausbaden\/\" \/>\n<meta property=\"og:locale\" content=\"de_DE\" \/>\n<meta property=\"og:type\" content=\"article\" \/>\n<meta property=\"og:title\" content=\"Schwimmen gegen Neckar-Castor\" \/>\n<meta property=\"og:description\" content=\"Anti-Atom-Aktivisten protestieren gegen den dritten Castor-Transport auf dem Neckar: Sie haben im Wasser ein &quot;Stoppt CASTOR&quot;-Banner hochgehalten.\" \/>\n<meta property=\"og:url\" content=\"https:\/\/www.umweltaktivisten.de\/index.php\/2017\/10\/11\/schwimmen-gegen-neckar-castor-enbw-laesst-bevoelkerung-die-atommuell-probleme-ausbaden\/\" \/>\n<meta property=\"og:site_name\" content=\"umweltaktivisten.de\" \/>\n<meta property=\"article:published_time\" content=\"2017-10-11T21:56:45+00:00\" \/>\n<meta property=\"og:image\" content=\"https:\/\/www.umweltaktivisten.de\/wp-content\/uploads\/2017\/06\/kein-castor-neckar-.jpg\" \/>\n\t<meta property=\"og:image:width\" content=\"300\" \/>\n\t<meta property=\"og:image:height\" content=\"225\" \/>\n\t<meta property=\"og:image:type\" content=\"image\/jpeg\" \/>\n<meta name=\"author\" content=\"marita\" \/>\n<meta name=\"twitter:card\" content=\"summary_large_image\" \/>\n<meta name=\"twitter:label1\" content=\"Verfasst von\" \/>\n\t<meta name=\"twitter:data1\" content=\"marita\" \/>\n\t<meta name=\"twitter:label2\" content=\"Gesch\u00e4tzte Lesezeit\" \/>\n\t<meta name=\"twitter:data2\" content=\"2\u00a0Minuten\" \/>\n<script type=\"application\/ld+json\" class=\"yoast-schema-graph\">{\"@context\":\"https:\\\/\\\/schema.org\",\"@graph\":[{\"@type\":\"Article\",\"@id\":\"https:\\\/\\\/www.umweltaktivisten.de\\\/index.php\\\/2017\\\/10\\\/11\\\/schwimmen-gegen-neckar-castor-enbw-laesst-bevoelkerung-die-atommuell-probleme-ausbaden\\\/#article\",\"isPartOf\":{\"@id\":\"https:\\\/\\\/www.umweltaktivisten.de\\\/index.php\\\/2017\\\/10\\\/11\\\/schwimmen-gegen-neckar-castor-enbw-laesst-bevoelkerung-die-atommuell-probleme-ausbaden\\\/\"},\"author\":{\"name\":\"marita\",\"@id\":\"https:\\\/\\\/www.umweltaktivisten.de\\\/#\\\/schema\\\/person\\\/af601319cc34a906612869cf3b4fd51a\"},\"headline\":\"Schwimmen gegen Neckar-CASTOR: EnBW l\u00e4sst Bev\u00f6lkerung die Atomm\u00fcll-Probleme ausbaden\",\"datePublished\":\"2017-10-11T21:56:45+00:00\",\"mainEntityOfPage\":{\"@id\":\"https:\\\/\\\/www.umweltaktivisten.de\\\/index.php\\\/2017\\\/10\\\/11\\\/schwimmen-gegen-neckar-castor-enbw-laesst-bevoelkerung-die-atommuell-probleme-ausbaden\\\/\"},\"wordCount\":485,\"image\":{\"@id\":\"https:\\\/\\\/www.umweltaktivisten.de\\\/index.php\\\/2017\\\/10\\\/11\\\/schwimmen-gegen-neckar-castor-enbw-laesst-bevoelkerung-die-atommuell-probleme-ausbaden\\\/#primaryimage\"},\"thumbnailUrl\":\"https:\\\/\\\/www.umweltaktivisten.de\\\/wp-content\\\/uploads\\\/2017\\\/06\\\/kein-castor-neckar-.jpg\",\"keywords\":[\"Neckarwestheim\",\"Robin Hood\"],\"articleSection\":{\"1\":\"Atom\",\"2\":\"Robin Wood\"},\"inLanguage\":\"de\"},{\"@type\":\"WebPage\",\"@id\":\"https:\\\/\\\/www.umweltaktivisten.de\\\/index.php\\\/2017\\\/10\\\/11\\\/schwimmen-gegen-neckar-castor-enbw-laesst-bevoelkerung-die-atommuell-probleme-ausbaden\\\/\",\"url\":\"https:\\\/\\\/www.umweltaktivisten.de\\\/index.php\\\/2017\\\/10\\\/11\\\/schwimmen-gegen-neckar-castor-enbw-laesst-bevoelkerung-die-atommuell-probleme-ausbaden\\\/\",\"name\":\"Schwimmen gegen Neckar-Castor\",\"isPartOf\":{\"@id\":\"https:\\\/\\\/www.umweltaktivisten.de\\\/#website\"},\"primaryImageOfPage\":{\"@id\":\"https:\\\/\\\/www.umweltaktivisten.de\\\/index.php\\\/2017\\\/10\\\/11\\\/schwimmen-gegen-neckar-castor-enbw-laesst-bevoelkerung-die-atommuell-probleme-ausbaden\\\/#primaryimage\"},\"image\":{\"@id\":\"https:\\\/\\\/www.umweltaktivisten.de\\\/index.php\\\/2017\\\/10\\\/11\\\/schwimmen-gegen-neckar-castor-enbw-laesst-bevoelkerung-die-atommuell-probleme-ausbaden\\\/#primaryimage\"},\"thumbnailUrl\":\"https:\\\/\\\/www.umweltaktivisten.de\\\/wp-content\\\/uploads\\\/2017\\\/06\\\/kein-castor-neckar-.jpg\",\"datePublished\":\"2017-10-11T21:56:45+00:00\",\"author\":{\"@id\":\"https:\\\/\\\/www.umweltaktivisten.de\\\/#\\\/schema\\\/person\\\/af601319cc34a906612869cf3b4fd51a\"},\"description\":\"Anti-Atom-Aktivisten protestieren gegen den dritten Castor-Transport auf dem Neckar: Sie haben im Wasser ein \\\"Stoppt CASTOR\\\"-Banner hochgehalten.\",\"breadcrumb\":{\"@id\":\"https:\\\/\\\/www.umweltaktivisten.de\\\/index.php\\\/2017\\\/10\\\/11\\\/schwimmen-gegen-neckar-castor-enbw-laesst-bevoelkerung-die-atommuell-probleme-ausbaden\\\/#breadcrumb\"},\"inLanguage\":\"de\",\"potentialAction\":[{\"@type\":\"ReadAction\",\"target\":[\"https:\\\/\\\/www.umweltaktivisten.de\\\/index.php\\\/2017\\\/10\\\/11\\\/schwimmen-gegen-neckar-castor-enbw-laesst-bevoelkerung-die-atommuell-probleme-ausbaden\\\/\"]}]},{\"@type\":\"ImageObject\",\"inLanguage\":\"de\",\"@id\":\"https:\\\/\\\/www.umweltaktivisten.de\\\/index.php\\\/2017\\\/10\\\/11\\\/schwimmen-gegen-neckar-castor-enbw-laesst-bevoelkerung-die-atommuell-probleme-ausbaden\\\/#primaryimage\",\"url\":\"https:\\\/\\\/www.umweltaktivisten.de\\\/wp-content\\\/uploads\\\/2017\\\/06\\\/kein-castor-neckar-.jpg\",\"contentUrl\":\"https:\\\/\\\/www.umweltaktivisten.de\\\/wp-content\\\/uploads\\\/2017\\\/06\\\/kein-castor-neckar-.jpg\",\"width\":300,\"height\":225},{\"@type\":\"BreadcrumbList\",\"@id\":\"https:\\\/\\\/www.umweltaktivisten.de\\\/index.php\\\/2017\\\/10\\\/11\\\/schwimmen-gegen-neckar-castor-enbw-laesst-bevoelkerung-die-atommuell-probleme-ausbaden\\\/#breadcrumb\",\"itemListElement\":[{\"@type\":\"ListItem\",\"position\":1,\"name\":\"Home\",\"item\":\"https:\\\/\\\/www.umweltaktivisten.de\\\/\"},{\"@type\":\"ListItem\",\"position\":2,\"name\":\"Schwimmen gegen Neckar-CASTOR: EnBW l\u00e4sst Bev\u00f6lkerung die Atomm\u00fcll-Probleme ausbaden\"}]},{\"@type\":\"WebSite\",\"@id\":\"https:\\\/\\\/www.umweltaktivisten.de\\\/#website\",\"url\":\"https:\\\/\\\/www.umweltaktivisten.de\\\/\",\"name\":\"umweltaktivisten.de\",\"description\":\"&quot;Wir haben die Erde nur von unseren Kindern geborgt&quot;\",\"potentialAction\":[{\"@type\":\"SearchAction\",\"target\":{\"@type\":\"EntryPoint\",\"urlTemplate\":\"https:\\\/\\\/www.umweltaktivisten.de\\\/?s={search_term_string}\"},\"query-input\":{\"@type\":\"PropertyValueSpecification\",\"valueRequired\":true,\"valueName\":\"search_term_string\"}}],\"inLanguage\":\"de\"},{\"@type\":\"Person\",\"@id\":\"https:\\\/\\\/www.umweltaktivisten.de\\\/#\\\/schema\\\/person\\\/af601319cc34a906612869cf3b4fd51a\",\"name\":\"marita\",\"url\":\"https:\\\/\\\/www.umweltaktivisten.de\\\/author\\\/marita\\\/\"}]}<\/script>\n<!-- \/ Yoast SEO plugin. -->","yoast_head_json":{"title":"Schwimmen gegen Neckar-Castor","description":"Anti-Atom-Aktivisten protestieren gegen den dritten Castor-Transport auf dem Neckar: Sie haben im Wasser ein \"Stoppt CASTOR\"-Banner hochgehalten.","robots":{"index":"index","follow":"nofollow","max-snippet":"max-snippet:-1","max-image-preview":"max-image-preview:large","max-video-preview":"max-video-preview:-1"},"canonical":"https:\/\/www.umweltaktivisten.de\/index.php\/2017\/10\/11\/schwimmen-gegen-neckar-castor-enbw-laesst-bevoelkerung-die-atommuell-probleme-ausbaden\/","og_locale":"de_DE","og_type":"article","og_title":"Schwimmen gegen Neckar-Castor","og_description":"Anti-Atom-Aktivisten protestieren gegen den dritten Castor-Transport auf dem Neckar: Sie haben im Wasser ein \"Stoppt CASTOR\"-Banner hochgehalten.","og_url":"https:\/\/www.umweltaktivisten.de\/index.php\/2017\/10\/11\/schwimmen-gegen-neckar-castor-enbw-laesst-bevoelkerung-die-atommuell-probleme-ausbaden\/","og_site_name":"umweltaktivisten.de","article_published_time":"2017-10-11T21:56:45+00:00","og_image":[{"width":300,"height":225,"url":"https:\/\/www.umweltaktivisten.de\/wp-content\/uploads\/2017\/06\/kein-castor-neckar-.jpg","type":"image\/jpeg"}],"author":"marita","twitter_card":"summary_large_image","twitter_misc":{"Verfasst von":"marita","Gesch\u00e4tzte Lesezeit":"2\u00a0Minuten"},"schema":{"@context":"https:\/\/schema.org","@graph":[{"@type":"Article","@id":"https:\/\/www.umweltaktivisten.de\/index.php\/2017\/10\/11\/schwimmen-gegen-neckar-castor-enbw-laesst-bevoelkerung-die-atommuell-probleme-ausbaden\/#article","isPartOf":{"@id":"https:\/\/www.umweltaktivisten.de\/index.php\/2017\/10\/11\/schwimmen-gegen-neckar-castor-enbw-laesst-bevoelkerung-die-atommuell-probleme-ausbaden\/"},"author":{"name":"marita","@id":"https:\/\/www.umweltaktivisten.de\/#\/schema\/person\/af601319cc34a906612869cf3b4fd51a"},"headline":"Schwimmen gegen Neckar-CASTOR: EnBW l\u00e4sst Bev\u00f6lkerung die Atomm\u00fcll-Probleme ausbaden","datePublished":"2017-10-11T21:56:45+00:00","mainEntityOfPage":{"@id":"https:\/\/www.umweltaktivisten.de\/index.php\/2017\/10\/11\/schwimmen-gegen-neckar-castor-enbw-laesst-bevoelkerung-die-atommuell-probleme-ausbaden\/"},"wordCount":485,"image":{"@id":"https:\/\/www.umweltaktivisten.de\/index.php\/2017\/10\/11\/schwimmen-gegen-neckar-castor-enbw-laesst-bevoelkerung-die-atommuell-probleme-ausbaden\/#primaryimage"},"thumbnailUrl":"https:\/\/www.umweltaktivisten.de\/wp-content\/uploads\/2017\/06\/kein-castor-neckar-.jpg","keywords":["Neckarwestheim","Robin Hood"],"articleSection":{"1":"Atom","2":"Robin Wood"},"inLanguage":"de"},{"@type":"WebPage","@id":"https:\/\/www.umweltaktivisten.de\/index.php\/2017\/10\/11\/schwimmen-gegen-neckar-castor-enbw-laesst-bevoelkerung-die-atommuell-probleme-ausbaden\/","url":"https:\/\/www.umweltaktivisten.de\/index.php\/2017\/10\/11\/schwimmen-gegen-neckar-castor-enbw-laesst-bevoelkerung-die-atommuell-probleme-ausbaden\/","name":"Schwimmen gegen Neckar-Castor","isPartOf":{"@id":"https:\/\/www.umweltaktivisten.de\/#website"},"primaryImageOfPage":{"@id":"https:\/\/www.umweltaktivisten.de\/index.php\/2017\/10\/11\/schwimmen-gegen-neckar-castor-enbw-laesst-bevoelkerung-die-atommuell-probleme-ausbaden\/#primaryimage"},"image":{"@id":"https:\/\/www.umweltaktivisten.de\/index.php\/2017\/10\/11\/schwimmen-gegen-neckar-castor-enbw-laesst-bevoelkerung-die-atommuell-probleme-ausbaden\/#primaryimage"},"thumbnailUrl":"https:\/\/www.umweltaktivisten.de\/wp-content\/uploads\/2017\/06\/kein-castor-neckar-.jpg","datePublished":"2017-10-11T21:56:45+00:00","author":{"@id":"https:\/\/www.umweltaktivisten.de\/#\/schema\/person\/af601319cc34a906612869cf3b4fd51a"},"description":"Anti-Atom-Aktivisten protestieren gegen den dritten Castor-Transport auf dem Neckar: Sie haben im Wasser ein \"Stoppt CASTOR\"-Banner hochgehalten.","breadcrumb":{"@id":"https:\/\/www.umweltaktivisten.de\/index.php\/2017\/10\/11\/schwimmen-gegen-neckar-castor-enbw-laesst-bevoelkerung-die-atommuell-probleme-ausbaden\/#breadcrumb"},"inLanguage":"de","potentialAction":[{"@type":"ReadAction","target":["https:\/\/www.umweltaktivisten.de\/index.php\/2017\/10\/11\/schwimmen-gegen-neckar-castor-enbw-laesst-bevoelkerung-die-atommuell-probleme-ausbaden\/"]}]},{"@type":"ImageObject","inLanguage":"de","@id":"https:\/\/www.umweltaktivisten.de\/index.php\/2017\/10\/11\/schwimmen-gegen-neckar-castor-enbw-laesst-bevoelkerung-die-atommuell-probleme-ausbaden\/#primaryimage","url":"https:\/\/www.umweltaktivisten.de\/wp-content\/uploads\/2017\/06\/kein-castor-neckar-.jpg","contentUrl":"https:\/\/www.umweltaktivisten.de\/wp-content\/uploads\/2017\/06\/kein-castor-neckar-.jpg","width":300,"height":225},{"@type":"BreadcrumbList","@id":"https:\/\/www.umweltaktivisten.de\/index.php\/2017\/10\/11\/schwimmen-gegen-neckar-castor-enbw-laesst-bevoelkerung-die-atommuell-probleme-ausbaden\/#breadcrumb","itemListElement":[{"@type":"ListItem","position":1,"name":"Home","item":"https:\/\/www.umweltaktivisten.de\/"},{"@type":"ListItem","position":2,"name":"Schwimmen gegen Neckar-CASTOR: EnBW l\u00e4sst Bev\u00f6lkerung die Atomm\u00fcll-Probleme ausbaden"}]},{"@type":"WebSite","@id":"https:\/\/www.umweltaktivisten.de\/#website","url":"https:\/\/www.umweltaktivisten.de\/","name":"umweltaktivisten.de","description":"&quot;Wir haben die Erde nur von unseren Kindern geborgt&quot;","potentialAction":[{"@type":"SearchAction","target":{"@type":"EntryPoint","urlTemplate":"https:\/\/www.umweltaktivisten.de\/?s={search_term_string}"},"query-input":{"@type":"PropertyValueSpecification","valueRequired":true,"valueName":"search_term_string"}}],"inLanguage":"de"},{"@type":"Person","@id":"https:\/\/www.umweltaktivisten.de\/#\/schema\/person\/af601319cc34a906612869cf3b4fd51a","name":"marita","url":"https:\/\/www.umweltaktivisten.de\/author\/marita\/"}]}},"_links":{"self":[{"href":"https:\/\/www.umweltaktivisten.de\/index.php\/wp-json\/wp\/v2\/posts\/2375","targetHints":{"allow":["GET"]}}],"collection":[{"href":"https:\/\/www.umweltaktivisten.de\/index.php\/wp-json\/wp\/v2\/posts"}],"about":[{"href":"https:\/\/www.umweltaktivisten.de\/index.php\/wp-json\/wp\/v2\/types\/post"}],"author":[{"embeddable":true,"href":"https:\/\/www.umweltaktivisten.de\/index.php\/wp-json\/wp\/v2\/users\/1"}],"replies":[{"embeddable":true,"href":"https:\/\/www.umweltaktivisten.de\/index.php\/wp-json\/wp\/v2\/comments?post=2375"}],"version-history":[{"count":5,"href":"https:\/\/www.umweltaktivisten.de\/index.php\/wp-json\/wp\/v2\/posts\/2375\/revisions"}],"predecessor-version":[{"id":2381,"href":"https:\/\/www.umweltaktivisten.de\/index.php\/wp-json\/wp\/v2\/posts\/2375\/revisions\/2381"}],"wp:featuredmedia":[{"embeddable":true,"href":"https:\/\/www.umweltaktivisten.de\/index.php\/wp-json\/wp\/v2\/media\/2196"}],"wp:attachment":[{"href":"https:\/\/www.umweltaktivisten.de\/index.php\/wp-json\/wp\/v2\/media?parent=2375"}],"wp:term":[{"taxonomy":"category","embeddable":true,"href":"https:\/\/www.umweltaktivisten.de\/index.php\/wp-json\/wp\/v2\/categories?post=2375"},{"taxonomy":"post_tag","embeddable":true,"href":"https:\/\/www.umweltaktivisten.de\/index.php\/wp-json\/wp\/v2\/tags?post=2375"}],"curies":[{"name":"wp","href":"https:\/\/api.w.org\/{rel}","templated":true}]}}