{"id":2314,"date":"2017-09-08T23:40:22","date_gmt":"2017-09-08T21:40:22","guid":{"rendered":"http:\/\/www.umweltaktivisten.de\/?p=2314"},"modified":"2017-09-08T23:44:52","modified_gmt":"2017-09-08T21:44:52","slug":"bbu-weiter-gegen-castortransporte-auf-dem-neckar","status":"publish","type":"post","link":"https:\/\/www.umweltaktivisten.de\/index.php\/2017\/09\/08\/bbu-weiter-gegen-castortransporte-auf-dem-neckar\/","title":{"rendered":"BBU weiter gegen Castortransporte auf dem Neckar"},"content":{"rendered":"<p><img loading=\"lazy\" decoding=\"async\" class=\"size-full wp-image-2196 alignleft\" src=\"https:\/\/www.umweltaktivisten.de\/wp-content\/uploads\/2017\/06\/kein-castor-neckar-.jpg\" alt=\"\" width=\"300\" height=\"225\" srcset=\"https:\/\/www.umweltaktivisten.de\/wp-content\/uploads\/2017\/06\/kein-castor-neckar-.jpg 300w, https:\/\/www.umweltaktivisten.de\/wp-content\/uploads\/2017\/06\/kein-castor-neckar--150x113.jpg 150w\" sizes=\"auto, (max-width: 300px) 100vw, 300px\" \/>Der Bundesverband B\u00fcrgerinitiativen Umweltschutz (BBU) solidarisiert sich erneut mit dem Widerstand gegen Castortransporte auf dem Neckar. Und ebenso wie die Initiativen vor Ort ruft auch der BBU weiterhin zum Protest gegen die Castor-Atomm\u00fclltransporte vom Atomkraftwerk Obrigheim nach Neckarwestheim auf.<\/p>\n<p><strong>Nachdem der erste der hochgef\u00e4hrlichen Schiffstransporte \u00fcber den Neckar Ende Juni 2017 durchgef\u00fchrt wurde, droht jetzt der zweite <\/strong><strong>Schiffstransport.<\/strong> Das \u201eB\u00fcndnis Neckar castorfrei\u201c hat aktuell mitgeteilt, dass am fr\u00fchen Montag (4.September 2017) um 6.45 Uhr f\u00fcr den Transport erforderliche leere Schiffe in Neckarwestheim in Richtung Atomkraftwerk Obrigheim abgelegt haben. Am Transporttag \u201eTag X\u201c, also am Dienstag 5. September oder sp\u00e4testens am Mittwoch, 6. September war der Treffpunkt f\u00fcr Proteste um 10 Uhr in Lauffen am Neckar.<\/p>\n<p><strong>Der Energiekonzern EnBW plant insgesamt 342 hochradioaktive Brennelemente in f\u00fcnf Schiffsladungen nach Neckarwestheim zu verfrachten<\/strong>. Bereits gegen den ersten Transport im Juni gab es vielf\u00e4ltige Proteste, die die Sorgen aus den Reihen der Bev\u00f6lkerung zum Ausdruck brachten. Viele Initiativen und Verb\u00e4nde sowie der BBU halten die Transporte f\u00fcr unn\u00f6tig undgef\u00e4hrlich und fordern von EnBW sowie von dem gr\u00fcnen Landesumweltminister Franz Untersteller, dass die Transporte gestoppt werden.<\/p>\n<p><strong>Es ist in der Bundesrepublik Deutschland mit dieser Transportserie das erste Mal, dass hochradioaktive abgebrannte Brennelemente auf einem Fluss transportiert werden.<\/strong> Die im BBU organisierte Initiative AtomErbe Obrigheim hat den Eindruck, dass Risiken und Gefahren ausgeblendet werden und dass die Transporte auf dem Neckar von AKW Obrigheim (KWO) nach Neckarwestheim als Experiment anzusehen sind. Die Initiative schrieb am 16. Juni 2017 in einer Pressemitteilung: <strong>&#8222;Es f\u00e4ngt damit an, dass es im AKW Obrigheim kein Lager f\u00fcr CASTOR-Beh\u00e4lter gibt, so dass die beladenen Beh\u00e4lter f\u00fcr den Transport wochenlang auf dem Anlagengel\u00e4nde im Freien &#8222;bereitgestellt&#8220; werden m\u00fcssen. <\/strong>Und das, obwohl wieder \u00f6fters Tiefflieger \u00fcber die Region fliegen. Auch die geplanten Schifffahrten auf dem Neckar haben spezielle Eigenheiten: Beim Auffahren der Fahrzeuge mit den Beh\u00e4ltern auf die Ladefl\u00e4che des Schiffes muss eine steile Rampe mit einem Gef\u00e4lle bis zu 15 Prozent \u00fcberwunden werden. Im Stra\u00dfenverkehr sind bei einem solchen Gef\u00e4lle Warnschilder aufgestellt. Das Transportschiff ist l\u00e4nger als es auf dieser Neckarstrecke erlaubt ist und passt kaum in die Schleusen. Auch das Wenden macht Probleme. F\u00fcr den Schubverband, bestehend aus Schubschiff und Lastschiff, gibt es keine Wendem\u00f6glichkeit. Daher werden die beiden Teile getrennt und das Lastschiff mit den CASTOR-Beh\u00e4ltern muss sich losgel\u00f6st vom Schubschiff mit eigener Kraft drehen. Ein ungew\u00f6hnlicher Vorgang, und das bei einem Gefahrguttransport. Die Schiffe selber sind nicht unbedingt vertrauensw\u00fcrdig, denn auf dem eingesetzten Schubschiff Edda hat es vor vier Jahren gebrannt, das zweite Schubschiff Ronja ist bereits fast 50 Jahre alt. Eine eventuell notwendige Bergung aus dem Fluss wird der Feuerwehr und den Wasser- und Schifffahrtsverwaltungen \u00fcberlassen. Fraglich ist, ob ein Konzept daf\u00fcr existiert.\u201c<\/p>\n<p>Der BBU betont, dass die Politik angesichts der ungel\u00f6sten Atomm\u00fcllprobleme endlich konsequent handeln muss: \u201eDer ins Stocken geratene Atomausstieg muss sofort beendet werden. Noch laufende Atomkraftwerke d\u00fcrfen keinen Atomm\u00fcll mehr produzieren. Die Uranfabriken in Gronau und Lingen d\u00fcrfen keine AKW mehr versorgen und m\u00fcssen stillegelegt und die gef\u00e4hrlichen Atomtransporte mit Schiffen, LKW und Sonderz\u00fcgen m\u00fcssen unterbunden werden\u201c, fordert BBU-Vorstandsmitglied Udo Buchholz.<\/p>\n<p>Ausf\u00fchrliche Informationen \u00fcber die Castor-Transporte auf dem Neckar und aktuelle oder geplante Protestaktionen findet man unter anderem unter <a href=\"https:\/\/neckar-castorfrei.de\" target=\"_blank\" rel=\"noopener\">https:\/\/neckar-castorfrei.de<\/a>, Infotelefon: 0151 &#8211; 4677 6229. Weitere Hintergrundinformationen unter <a href=\"http:\/\/www.bbmn.de\" target=\"_blank\" rel=\"noopener\">http:\/\/www.bbmn.de<\/a> sowie http:\/\/www.atomerbe-obrigheim.de.<\/p>\n<p><img loading=\"lazy\" decoding=\"async\" class=\"size-full wp-image-2271 alignleft\" src=\"https:\/\/www.umweltaktivisten.de\/wp-content\/uploads\/2017\/07\/BBU_Aktionslogo_198x198px1.png\" alt=\"\" width=\"198\" height=\"198\" srcset=\"https:\/\/www.umweltaktivisten.de\/wp-content\/uploads\/2017\/07\/BBU_Aktionslogo_198x198px1.png 198w, https:\/\/www.umweltaktivisten.de\/wp-content\/uploads\/2017\/07\/BBU_Aktionslogo_198x198px1-150x150.png 150w\" sizes=\"auto, (max-width: 198px) 100vw, 198px\" \/>\u00a0Informationen zum Thema \u201eFreimessung\u201c von Atomschrott unter <a href=\"http:\/\/bbu-online.de\" target=\"_blank\" rel=\"noopener\">http:\/\/bbu-online.de<\/a>, Direktlink:<br \/>\n<a href=\"http:\/\/bbu-online.de\/presseerklaerungen\/prmitteilungen\/PR%202017\/23.08.17.pdf\" target=\"_blank\" rel=\"noopener\">http:\/\/bbu-online.de\/presseerklaerungen\/prmitteilungen\/PR%202017\/23.08.17.pdf<\/a>.<br \/>\nGerade in Baden-W\u00fcrttemberg, aber auch in anderen Bundesl\u00e4ndern, wird das Thema \u201eFreimessung\u201c sehr intensiv diskutiert.<\/p>\n<p><em>(PM: BBU)<\/em><\/p>\n","protected":false},"excerpt":{"rendered":"<p>Der Bundesverband B\u00fcrgerinitiativen Umweltschutz (BBU) solidarisiert sich erneut mit dem Widerstand gegen Castortransporte auf dem Neckar. Und ebenso wie die Initiativen vor Ort ruft auch der BBU weiterhin zum Protest gegen die Castor-Atomm\u00fclltransporte vom Atomkraftwerk Obrigheim nach Neckarwestheim auf. Nachdem der erste der hochgef\u00e4hrlichen Schiffstransporte \u00fcber den Neckar Ende Juni\u2026<\/p>\n<p class=\"continue-reading-button\"> <a class=\"continue-reading-link\" href=\"https:\/\/www.umweltaktivisten.de\/index.php\/2017\/09\/08\/bbu-weiter-gegen-castortransporte-auf-dem-neckar\/\">weiter &#8230;<i class=\"crycon-right-dir\"><\/i><\/a><\/p>\n","protected":false},"author":1,"featured_media":2196,"comment_status":"closed","ping_status":"closed","sticky":false,"template":"","format":"standard","meta":{"footnotes":""},"categories":[21],"tags":[188,260],"class_list":["post-2314","post","type-post","status-publish","format-standard","has-post-thumbnail","hentry","category-atom","tag-bbu","tag-neckarwest"],"yoast_head":"<!-- This site is optimized with the Yoast SEO plugin v27.4 - https:\/\/yoast.com\/product\/yoast-seo-wordpress\/ -->\n<title>BBU weiter gegen Castortransporte auf dem Neckar - umweltaktivisten.de<\/title>\n<meta name=\"robots\" content=\"index, nofollow, max-snippet:-1, max-image-preview:large, max-video-preview:-1\" \/>\n<link rel=\"canonical\" href=\"https:\/\/www.umweltaktivisten.de\/index.php\/2017\/09\/08\/bbu-weiter-gegen-castortransporte-auf-dem-neckar\/\" \/>\n<meta property=\"og:locale\" content=\"de_DE\" \/>\n<meta property=\"og:type\" content=\"article\" \/>\n<meta property=\"og:title\" content=\"BBU weiter gegen Castortransporte auf dem Neckar - umweltaktivisten.de\" \/>\n<meta property=\"og:description\" content=\"Der Bundesverband B\u00fcrgerinitiativen Umweltschutz (BBU) solidarisiert sich erneut mit dem Widerstand gegen Castortransporte auf dem Neckar. Und ebenso wie die Initiativen vor Ort ruft auch der BBU weiterhin zum Protest gegen die Castor-Atomm\u00fclltransporte vom Atomkraftwerk Obrigheim nach Neckarwestheim auf. Nachdem der erste der hochgef\u00e4hrlichen Schiffstransporte \u00fcber den Neckar Ende Juni\u2026 weiter ...\" \/>\n<meta property=\"og:url\" content=\"https:\/\/www.umweltaktivisten.de\/index.php\/2017\/09\/08\/bbu-weiter-gegen-castortransporte-auf-dem-neckar\/\" \/>\n<meta property=\"og:site_name\" content=\"umweltaktivisten.de\" \/>\n<meta property=\"article:published_time\" content=\"2017-09-08T21:40:22+00:00\" \/>\n<meta property=\"article:modified_time\" content=\"2017-09-08T21:44:52+00:00\" \/>\n<meta property=\"og:image\" content=\"https:\/\/www.umweltaktivisten.de\/wp-content\/uploads\/2017\/06\/kein-castor-neckar-.jpg\" \/>\n\t<meta property=\"og:image:width\" content=\"300\" \/>\n\t<meta property=\"og:image:height\" content=\"225\" \/>\n\t<meta property=\"og:image:type\" content=\"image\/jpeg\" \/>\n<meta name=\"author\" content=\"marita\" \/>\n<meta name=\"twitter:card\" content=\"summary_large_image\" \/>\n<meta name=\"twitter:label1\" content=\"Verfasst von\" \/>\n\t<meta name=\"twitter:data1\" content=\"marita\" \/>\n\t<meta name=\"twitter:label2\" content=\"Gesch\u00e4tzte Lesezeit\" \/>\n\t<meta name=\"twitter:data2\" content=\"3\u00a0Minuten\" \/>\n<script type=\"application\/ld+json\" class=\"yoast-schema-graph\">{\"@context\":\"https:\\\/\\\/schema.org\",\"@graph\":[{\"@type\":\"Article\",\"@id\":\"https:\\\/\\\/www.umweltaktivisten.de\\\/index.php\\\/2017\\\/09\\\/08\\\/bbu-weiter-gegen-castortransporte-auf-dem-neckar\\\/#article\",\"isPartOf\":{\"@id\":\"https:\\\/\\\/www.umweltaktivisten.de\\\/index.php\\\/2017\\\/09\\\/08\\\/bbu-weiter-gegen-castortransporte-auf-dem-neckar\\\/\"},\"author\":{\"name\":\"marita\",\"@id\":\"https:\\\/\\\/www.umweltaktivisten.de\\\/#\\\/schema\\\/person\\\/af601319cc34a906612869cf3b4fd51a\"},\"headline\":\"BBU weiter gegen Castortransporte auf dem Neckar\",\"datePublished\":\"2017-09-08T21:40:22+00:00\",\"dateModified\":\"2017-09-08T21:44:52+00:00\",\"mainEntityOfPage\":{\"@id\":\"https:\\\/\\\/www.umweltaktivisten.de\\\/index.php\\\/2017\\\/09\\\/08\\\/bbu-weiter-gegen-castortransporte-auf-dem-neckar\\\/\"},\"wordCount\":621,\"image\":{\"@id\":\"https:\\\/\\\/www.umweltaktivisten.de\\\/index.php\\\/2017\\\/09\\\/08\\\/bbu-weiter-gegen-castortransporte-auf-dem-neckar\\\/#primaryimage\"},\"thumbnailUrl\":\"https:\\\/\\\/www.umweltaktivisten.de\\\/wp-content\\\/uploads\\\/2017\\\/06\\\/kein-castor-neckar-.jpg\",\"keywords\":[\"BBU\",\"Neckarwest\"],\"articleSection\":[\"Atom\"],\"inLanguage\":\"de\"},{\"@type\":\"WebPage\",\"@id\":\"https:\\\/\\\/www.umweltaktivisten.de\\\/index.php\\\/2017\\\/09\\\/08\\\/bbu-weiter-gegen-castortransporte-auf-dem-neckar\\\/\",\"url\":\"https:\\\/\\\/www.umweltaktivisten.de\\\/index.php\\\/2017\\\/09\\\/08\\\/bbu-weiter-gegen-castortransporte-auf-dem-neckar\\\/\",\"name\":\"BBU weiter gegen Castortransporte auf dem Neckar - umweltaktivisten.de\",\"isPartOf\":{\"@id\":\"https:\\\/\\\/www.umweltaktivisten.de\\\/#website\"},\"primaryImageOfPage\":{\"@id\":\"https:\\\/\\\/www.umweltaktivisten.de\\\/index.php\\\/2017\\\/09\\\/08\\\/bbu-weiter-gegen-castortransporte-auf-dem-neckar\\\/#primaryimage\"},\"image\":{\"@id\":\"https:\\\/\\\/www.umweltaktivisten.de\\\/index.php\\\/2017\\\/09\\\/08\\\/bbu-weiter-gegen-castortransporte-auf-dem-neckar\\\/#primaryimage\"},\"thumbnailUrl\":\"https:\\\/\\\/www.umweltaktivisten.de\\\/wp-content\\\/uploads\\\/2017\\\/06\\\/kein-castor-neckar-.jpg\",\"datePublished\":\"2017-09-08T21:40:22+00:00\",\"dateModified\":\"2017-09-08T21:44:52+00:00\",\"author\":{\"@id\":\"https:\\\/\\\/www.umweltaktivisten.de\\\/#\\\/schema\\\/person\\\/af601319cc34a906612869cf3b4fd51a\"},\"breadcrumb\":{\"@id\":\"https:\\\/\\\/www.umweltaktivisten.de\\\/index.php\\\/2017\\\/09\\\/08\\\/bbu-weiter-gegen-castortransporte-auf-dem-neckar\\\/#breadcrumb\"},\"inLanguage\":\"de\",\"potentialAction\":[{\"@type\":\"ReadAction\",\"target\":[\"https:\\\/\\\/www.umweltaktivisten.de\\\/index.php\\\/2017\\\/09\\\/08\\\/bbu-weiter-gegen-castortransporte-auf-dem-neckar\\\/\"]}]},{\"@type\":\"ImageObject\",\"inLanguage\":\"de\",\"@id\":\"https:\\\/\\\/www.umweltaktivisten.de\\\/index.php\\\/2017\\\/09\\\/08\\\/bbu-weiter-gegen-castortransporte-auf-dem-neckar\\\/#primaryimage\",\"url\":\"https:\\\/\\\/www.umweltaktivisten.de\\\/wp-content\\\/uploads\\\/2017\\\/06\\\/kein-castor-neckar-.jpg\",\"contentUrl\":\"https:\\\/\\\/www.umweltaktivisten.de\\\/wp-content\\\/uploads\\\/2017\\\/06\\\/kein-castor-neckar-.jpg\",\"width\":300,\"height\":225},{\"@type\":\"BreadcrumbList\",\"@id\":\"https:\\\/\\\/www.umweltaktivisten.de\\\/index.php\\\/2017\\\/09\\\/08\\\/bbu-weiter-gegen-castortransporte-auf-dem-neckar\\\/#breadcrumb\",\"itemListElement\":[{\"@type\":\"ListItem\",\"position\":1,\"name\":\"Home\",\"item\":\"https:\\\/\\\/www.umweltaktivisten.de\\\/\"},{\"@type\":\"ListItem\",\"position\":2,\"name\":\"BBU weiter gegen Castortransporte auf dem Neckar\"}]},{\"@type\":\"WebSite\",\"@id\":\"https:\\\/\\\/www.umweltaktivisten.de\\\/#website\",\"url\":\"https:\\\/\\\/www.umweltaktivisten.de\\\/\",\"name\":\"umweltaktivisten.de\",\"description\":\"&quot;Wir haben die Erde nur von unseren Kindern geborgt&quot;\",\"potentialAction\":[{\"@type\":\"SearchAction\",\"target\":{\"@type\":\"EntryPoint\",\"urlTemplate\":\"https:\\\/\\\/www.umweltaktivisten.de\\\/?s={search_term_string}\"},\"query-input\":{\"@type\":\"PropertyValueSpecification\",\"valueRequired\":true,\"valueName\":\"search_term_string\"}}],\"inLanguage\":\"de\"},{\"@type\":\"Person\",\"@id\":\"https:\\\/\\\/www.umweltaktivisten.de\\\/#\\\/schema\\\/person\\\/af601319cc34a906612869cf3b4fd51a\",\"name\":\"marita\",\"url\":\"https:\\\/\\\/www.umweltaktivisten.de\\\/author\\\/marita\\\/\"}]}<\/script>\n<!-- \/ Yoast SEO plugin. -->","yoast_head_json":{"title":"BBU weiter gegen Castortransporte auf dem Neckar - umweltaktivisten.de","robots":{"index":"index","follow":"nofollow","max-snippet":"max-snippet:-1","max-image-preview":"max-image-preview:large","max-video-preview":"max-video-preview:-1"},"canonical":"https:\/\/www.umweltaktivisten.de\/index.php\/2017\/09\/08\/bbu-weiter-gegen-castortransporte-auf-dem-neckar\/","og_locale":"de_DE","og_type":"article","og_title":"BBU weiter gegen Castortransporte auf dem Neckar - umweltaktivisten.de","og_description":"Der Bundesverband B\u00fcrgerinitiativen Umweltschutz (BBU) solidarisiert sich erneut mit dem Widerstand gegen Castortransporte auf dem Neckar. Und ebenso wie die Initiativen vor Ort ruft auch der BBU weiterhin zum Protest gegen die Castor-Atomm\u00fclltransporte vom Atomkraftwerk Obrigheim nach Neckarwestheim auf. Nachdem der erste der hochgef\u00e4hrlichen Schiffstransporte \u00fcber den Neckar Ende Juni\u2026 weiter ...","og_url":"https:\/\/www.umweltaktivisten.de\/index.php\/2017\/09\/08\/bbu-weiter-gegen-castortransporte-auf-dem-neckar\/","og_site_name":"umweltaktivisten.de","article_published_time":"2017-09-08T21:40:22+00:00","article_modified_time":"2017-09-08T21:44:52+00:00","og_image":[{"width":300,"height":225,"url":"https:\/\/www.umweltaktivisten.de\/wp-content\/uploads\/2017\/06\/kein-castor-neckar-.jpg","type":"image\/jpeg"}],"author":"marita","twitter_card":"summary_large_image","twitter_misc":{"Verfasst von":"marita","Gesch\u00e4tzte Lesezeit":"3\u00a0Minuten"},"schema":{"@context":"https:\/\/schema.org","@graph":[{"@type":"Article","@id":"https:\/\/www.umweltaktivisten.de\/index.php\/2017\/09\/08\/bbu-weiter-gegen-castortransporte-auf-dem-neckar\/#article","isPartOf":{"@id":"https:\/\/www.umweltaktivisten.de\/index.php\/2017\/09\/08\/bbu-weiter-gegen-castortransporte-auf-dem-neckar\/"},"author":{"name":"marita","@id":"https:\/\/www.umweltaktivisten.de\/#\/schema\/person\/af601319cc34a906612869cf3b4fd51a"},"headline":"BBU weiter gegen Castortransporte auf dem Neckar","datePublished":"2017-09-08T21:40:22+00:00","dateModified":"2017-09-08T21:44:52+00:00","mainEntityOfPage":{"@id":"https:\/\/www.umweltaktivisten.de\/index.php\/2017\/09\/08\/bbu-weiter-gegen-castortransporte-auf-dem-neckar\/"},"wordCount":621,"image":{"@id":"https:\/\/www.umweltaktivisten.de\/index.php\/2017\/09\/08\/bbu-weiter-gegen-castortransporte-auf-dem-neckar\/#primaryimage"},"thumbnailUrl":"https:\/\/www.umweltaktivisten.de\/wp-content\/uploads\/2017\/06\/kein-castor-neckar-.jpg","keywords":["BBU","Neckarwest"],"articleSection":["Atom"],"inLanguage":"de"},{"@type":"WebPage","@id":"https:\/\/www.umweltaktivisten.de\/index.php\/2017\/09\/08\/bbu-weiter-gegen-castortransporte-auf-dem-neckar\/","url":"https:\/\/www.umweltaktivisten.de\/index.php\/2017\/09\/08\/bbu-weiter-gegen-castortransporte-auf-dem-neckar\/","name":"BBU weiter gegen Castortransporte auf dem Neckar - umweltaktivisten.de","isPartOf":{"@id":"https:\/\/www.umweltaktivisten.de\/#website"},"primaryImageOfPage":{"@id":"https:\/\/www.umweltaktivisten.de\/index.php\/2017\/09\/08\/bbu-weiter-gegen-castortransporte-auf-dem-neckar\/#primaryimage"},"image":{"@id":"https:\/\/www.umweltaktivisten.de\/index.php\/2017\/09\/08\/bbu-weiter-gegen-castortransporte-auf-dem-neckar\/#primaryimage"},"thumbnailUrl":"https:\/\/www.umweltaktivisten.de\/wp-content\/uploads\/2017\/06\/kein-castor-neckar-.jpg","datePublished":"2017-09-08T21:40:22+00:00","dateModified":"2017-09-08T21:44:52+00:00","author":{"@id":"https:\/\/www.umweltaktivisten.de\/#\/schema\/person\/af601319cc34a906612869cf3b4fd51a"},"breadcrumb":{"@id":"https:\/\/www.umweltaktivisten.de\/index.php\/2017\/09\/08\/bbu-weiter-gegen-castortransporte-auf-dem-neckar\/#breadcrumb"},"inLanguage":"de","potentialAction":[{"@type":"ReadAction","target":["https:\/\/www.umweltaktivisten.de\/index.php\/2017\/09\/08\/bbu-weiter-gegen-castortransporte-auf-dem-neckar\/"]}]},{"@type":"ImageObject","inLanguage":"de","@id":"https:\/\/www.umweltaktivisten.de\/index.php\/2017\/09\/08\/bbu-weiter-gegen-castortransporte-auf-dem-neckar\/#primaryimage","url":"https:\/\/www.umweltaktivisten.de\/wp-content\/uploads\/2017\/06\/kein-castor-neckar-.jpg","contentUrl":"https:\/\/www.umweltaktivisten.de\/wp-content\/uploads\/2017\/06\/kein-castor-neckar-.jpg","width":300,"height":225},{"@type":"BreadcrumbList","@id":"https:\/\/www.umweltaktivisten.de\/index.php\/2017\/09\/08\/bbu-weiter-gegen-castortransporte-auf-dem-neckar\/#breadcrumb","itemListElement":[{"@type":"ListItem","position":1,"name":"Home","item":"https:\/\/www.umweltaktivisten.de\/"},{"@type":"ListItem","position":2,"name":"BBU weiter gegen Castortransporte auf dem Neckar"}]},{"@type":"WebSite","@id":"https:\/\/www.umweltaktivisten.de\/#website","url":"https:\/\/www.umweltaktivisten.de\/","name":"umweltaktivisten.de","description":"&quot;Wir haben die Erde nur von unseren Kindern geborgt&quot;","potentialAction":[{"@type":"SearchAction","target":{"@type":"EntryPoint","urlTemplate":"https:\/\/www.umweltaktivisten.de\/?s={search_term_string}"},"query-input":{"@type":"PropertyValueSpecification","valueRequired":true,"valueName":"search_term_string"}}],"inLanguage":"de"},{"@type":"Person","@id":"https:\/\/www.umweltaktivisten.de\/#\/schema\/person\/af601319cc34a906612869cf3b4fd51a","name":"marita","url":"https:\/\/www.umweltaktivisten.de\/author\/marita\/"}]}},"_links":{"self":[{"href":"https:\/\/www.umweltaktivisten.de\/index.php\/wp-json\/wp\/v2\/posts\/2314","targetHints":{"allow":["GET"]}}],"collection":[{"href":"https:\/\/www.umweltaktivisten.de\/index.php\/wp-json\/wp\/v2\/posts"}],"about":[{"href":"https:\/\/www.umweltaktivisten.de\/index.php\/wp-json\/wp\/v2\/types\/post"}],"author":[{"embeddable":true,"href":"https:\/\/www.umweltaktivisten.de\/index.php\/wp-json\/wp\/v2\/users\/1"}],"replies":[{"embeddable":true,"href":"https:\/\/www.umweltaktivisten.de\/index.php\/wp-json\/wp\/v2\/comments?post=2314"}],"version-history":[{"count":7,"href":"https:\/\/www.umweltaktivisten.de\/index.php\/wp-json\/wp\/v2\/posts\/2314\/revisions"}],"predecessor-version":[{"id":2321,"href":"https:\/\/www.umweltaktivisten.de\/index.php\/wp-json\/wp\/v2\/posts\/2314\/revisions\/2321"}],"wp:featuredmedia":[{"embeddable":true,"href":"https:\/\/www.umweltaktivisten.de\/index.php\/wp-json\/wp\/v2\/media\/2196"}],"wp:attachment":[{"href":"https:\/\/www.umweltaktivisten.de\/index.php\/wp-json\/wp\/v2\/media?parent=2314"}],"wp:term":[{"taxonomy":"category","embeddable":true,"href":"https:\/\/www.umweltaktivisten.de\/index.php\/wp-json\/wp\/v2\/categories?post=2314"},{"taxonomy":"post_tag","embeddable":true,"href":"https:\/\/www.umweltaktivisten.de\/index.php\/wp-json\/wp\/v2\/tags?post=2314"}],"curies":[{"name":"wp","href":"https:\/\/api.w.org\/{rel}","templated":true}]}}