{"id":2307,"date":"2017-09-06T12:50:08","date_gmt":"2017-09-06T10:50:08","guid":{"rendered":"http:\/\/www.umweltaktivisten.de\/?p=2307"},"modified":"2017-09-06T12:57:41","modified_gmt":"2017-09-06T10:57:41","slug":"internationale-anti-akw-demo-am-9-septemer-in-lingen","status":"publish","type":"post","link":"https:\/\/www.umweltaktivisten.de\/index.php\/2017\/09\/06\/internationale-anti-akw-demo-am-9-septemer-in-lingen\/","title":{"rendered":"Internationale Anti-AKW-Demo am 9. Septemer in Lingen"},"content":{"rendered":"<p><img loading=\"lazy\" decoding=\"async\" class=\"aligncenter size-large wp-image-2308\" src=\"https:\/\/www.umweltaktivisten.de\/wp-content\/uploads\/2017\/09\/Foto-Lingen-Demo-29.10.2016-SOFA-1024x682.jpg\" alt=\"\" width=\"900\" height=\"599\" srcset=\"https:\/\/www.umweltaktivisten.de\/wp-content\/uploads\/2017\/09\/Foto-Lingen-Demo-29.10.2016-SOFA-1024x682.jpg 1024w, https:\/\/www.umweltaktivisten.de\/wp-content\/uploads\/2017\/09\/Foto-Lingen-Demo-29.10.2016-SOFA-300x200.jpg 300w, https:\/\/www.umweltaktivisten.de\/wp-content\/uploads\/2017\/09\/Foto-Lingen-Demo-29.10.2016-SOFA-768x511.jpg 768w, https:\/\/www.umweltaktivisten.de\/wp-content\/uploads\/2017\/09\/Foto-Lingen-Demo-29.10.2016-SOFA-150x100.jpg 150w, https:\/\/www.umweltaktivisten.de\/wp-content\/uploads\/2017\/09\/Foto-Lingen-Demo-29.10.2016-SOFA.jpg 1200w\" sizes=\"auto, (max-width: 900px) 100vw, 900px\" \/><\/p>\n<h5>Internationale Anti-Atomkraft-Demonstration in Lingen:<br \/>\nUranfabriken in Lingen und Gronau schlie\u00dfen! Brennstoff-Exporte verbieten! Atomkraftwerke abschalten!<\/h5>\n<p><strong>Anti-Atomkraft-Initiativen k\u00fcndigen f\u00fcr den 9. September 2017 eine international besetzte Demonstration im Atomzentrum Lingen an. Zur Teilnahme rufen rund 60 Initiativen und Verb\u00e4nde auf. Auftakt ist um 13 Uhr am Bahnhof Lingen. Redner und Teilnehmende aus Belgien, Niger, Russland, Tansania und Deutschland werden erwartet. Der europaweite und der weltweite Atomausstieg m\u00fcssen gerade hier in Lingen erfolgen. Die Atomkraftgegner k\u00e4mpfen konkret f\u00fcr die Schlie\u00dfung der Areva-Brennelementefabrik und des AKW Lingen 2.<\/strong><\/p>\n<p>Die Brennelemente-Fabrik in Lingen ist ein Drehkreuz der internationalen Atomindustrie: Import von radioaktivem, giftigem Uran aus Afrika und Russland sowie Exporte in alte, marode Atomkraftwerke. Auf der Lieferliste der Areva-Fabrik stehen AKW wie Doel und Tihange in Belgien, Fessenheim und Cattenom in Frankreich oder der st\u00f6ranf\u00e4llige Siedewasserreaktor in Leibstadt, Schweiz und das schwedische AKW Forsmark, das 2006 knapp einer Kernschmelze entging. Laut Bundesregierung lieferte die Brennelementefabrik auch auff\u00e4llige Brennelemente mit sogenannter H\u00fcllrohrkorrosion, 2005 nach Philipsburg und 2013 ins benachbarte Grohnde.<\/p>\n<p><strong>Bundesumweltministerin Hendricks muss Brennelement-Exporte endlich stoppen!<\/strong><\/p>\n<p>\u201eDie Gesundheit der B\u00fcrgerinnen und B\u00fcrger sowie ihre Sicherheit hat Vorrang vor der Freiheit des Warenverkehrs in den L\u00e4ndern der<br \/>\neurop\u00e4ischen Union\u201c, so Dr. Angelika Claussen von der atomkritischen \u00c4rzteorganisation IPPNW. \u201eDas hat uns auch Prof. Renneberg, ehemaliger Leiter der Abteilung Reaktorsicherheit der Bundesregierung in einem Gutachten best\u00e4tigt\u201c. Die Atomkraftgegner fordern Bundesumweltministerin Hendricks von der SPD auf, den Export der Brennelemente nach Belgien und Frankreich umgehend stoppen, statt weiterhin zu mauern. Inzwischen st\u00fctzen sich auch die NRW-CDU und der aus Aachen stammende NRW-Ministerpr\u00e4sident Armin Laschet auf dieselben juristischen Gutachten wie die Anti-Atomkraft-Initiativen und fordern ein Exportverbot f\u00fcr die Lingener Brennelemente nach Belgien.<\/p>\n<p><strong>Alte AKW bedrohen ganz Deutschland, Frankreich und die Beneluxl\u00e4nder<\/strong><\/p>\n<p>Peter Bastian vom Aktionsb\u00fcndnis M\u00fcnsterland gegen Atomanlagen erinnert an die Gefahren der st\u00e4ndig \u00e4lter und maroder werdenden Atomkraftwerke in Lingen, Grohnde und den Nachbarl\u00e4ndern. \u201eMit der jetzigen dritten internationalen Demonstration in Lingen wollen wir als Anti-Atominitiativen kurz vor den Wahlen ein deutliches Zeichen setzen.<br \/>\nWill die Politik glaubw\u00fcrdig sein, und das gilt f\u00fcr die Umweltministerin Hendricks (SPD) ebenso wie f\u00fcr die Bundeskanzlerin, muss sie die Exportgenehmigung der Brennelemente aus Lingen sofort zur\u00fccknehmen.<br \/>\nSonst macht sie sich bei einem m\u00f6glichen Gau der gef\u00e4hrlichen Pannenreaktoren in Belgien und Frankreich mit schuldig.&#8220;<\/p>\n<p>F\u00fcr Gerd Otten vom Elternverein Restrisiko Emsland steht fest, dass die Bev\u00f6lkerung im Emsland schon viel zu lange von den Atomanlagen in der Region bedroht wurde. \u201eImmer wieder gab es Pannen im AKW Lingen 2 und in der Brennelementefabrik. Und der Atomm\u00fcll im Castorlager neben dem AKW Lingen 2 wird uns hier wohl noch in Jahrhunderten bestrahlen. Es darf kein weiterer Atomm\u00fcll produziert werden\u201c, so Gerd Otten.<\/p>\n<p><strong>\u201eSorge vor den Atomanlagen bringt die Menschen auf die Stra\u00dfe\u201c<\/strong><\/p>\n<p>Christina Burchert vom Arbeitskreis Umwelt (AKU) Sch\u00fcttorf ist sich sicher, dass die Ablehnung des AKW Lingen 2 und der Lingener Brennelementefabrik in und um Lingen in den letzten Monaten zugenommen hat: \u201eAus der Grafschaft Bentheim sind im Juni viele Menschen zur Anti-Atomkraft-Menschenkette von Aachen bis zum AKW Tihange gefahren.<br \/>\nViele von ihnen werden an der Demonstration in Lingen teilnehmen. Uns treibt die Sorge vor dem fehlenden Katastrophenschutz um, wer uns Menschen nicht sch\u00fctzen kann, muss die AKW\u2018s abschalten, sofort.\u201c<\/p>\n<p><strong>Ablauf und Programm der Demonstration<\/strong><\/p>\n<p>Die Demonstration beginnt am 9. September um 13 Uhr mit einer Kundgebung vor dem Bahnhof in Lingen und Musikbeitr\u00e4gen von Liedermacher Gerd Schinkel. Anschlie\u00dfend f\u00fchrt der Demonstrations-Zug \u00fcber die Bernd-Rosemeyer-Stra\u00dfe, den Konrad-Adenauer-Ring sowie die M\u00fchlentor- und Gro\u00dfe Stra\u00dfe zum Marktplatz von Lingen. Dort beginnt gegen 14.30 Uhr die Abschlusskundgebung, unterst\u00fctzt von der Reggae-Band \u201a Peace Development Crew\u2018 aus Hannover. Bei den Kundgebungen werden folgende Rednerinnen und Redner sprechen:<\/p>\n<p>\u00b7Heidi Kuhnert (Lingen)<br \/>\n\u00b7Almoustapha Alhacen (Aghirin\u2019man, Niger)<br \/>\n\u00b7Marc Alexander (11maart beweging (Belgien))<br \/>\n\u00b7Hanna Poddig (ContrAtom)<br \/>\n\u00b7Jochen Stay (.ausgestrahlt)<br \/>\n\u00b7Vladimir Sliviak (Ecodefense, Russland)<br \/>\n\u00b7Joachim M\u00fcller Blanck (Regionalkonferenz Grohnde)<br \/>\n\u00b7Peter Bastian (Aktionsb\u00fcndnis M\u00fcnsterland gegen Atomanlagen)<br \/>\n\u00b7Kerstin Rudek (B\u00fcrgerinitiative Umweltschutz L\u00fcchow-Dannenberg)<\/p>\n<p>Erwartet werden zur Demonstration mehrere Sonderbusse, unter anderem aus dem Rheinland, Aachen, aus dem Wendland und aus dem Braunschweiger Land. Essen- und Informationsst\u00e4nde runden die Protestaktion ab.<br \/>\nUmfassende Informationen zur Anti-Atomkraft-Demonstration (Programm, Hintergrundinformationen, Informationen zur Anreise nach Lingen etc.) am 9. September in Lingen findet man unter <a href=\"http:\/\/www.lingen-demo.de\" target=\"_blank\" rel=\"noopener\">www.lingen-demo.de<\/a><\/p>\n<p><em>(PM: Aktionsb\u00fcndnis M\u00fcnsterland gegen Atomanlagen, Arbeitskreis Umwelt (AKU) Gronau, Arbeitskreis Umwelt (AKU) Sch\u00fcttdorf, B\u00fcndesverband B\u00fcrgerinitiativen Umweltschutz (BBU), Elternverein Restrisiko Ekmsland, IPPNW (Internationale \u00c4rzte zur Verh\u00fctung eines Atomkriegs \/ \u00c4rzte in sozialer Verantwortung)<\/em><\/p>\n","protected":false},"excerpt":{"rendered":"<p>Internationale Anti-Atomkraft-Demonstration in Lingen: Uranfabriken in Lingen und Gronau schlie\u00dfen! Brennstoff-Exporte verbieten! Atomkraftwerke abschalten! Anti-Atomkraft-Initiativen k\u00fcndigen f\u00fcr den 9. September 2017 eine international besetzte Demonstration im Atomzentrum Lingen an. Zur Teilnahme rufen rund 60 Initiativen und Verb\u00e4nde auf. Auftakt ist um 13 Uhr am Bahnhof Lingen. Redner und Teilnehmende aus\u2026<\/p>\n<p class=\"continue-reading-button\"> <a class=\"continue-reading-link\" href=\"https:\/\/www.umweltaktivisten.de\/index.php\/2017\/09\/06\/internationale-anti-akw-demo-am-9-septemer-in-lingen\/\">weiter &#8230;<i class=\"crycon-right-dir\"><\/i><\/a><\/p>\n","protected":false},"author":1,"featured_media":2313,"comment_status":"closed","ping_status":"closed","sticky":false,"template":"","format":"standard","meta":{"footnotes":""},"categories":[1],"tags":[],"class_list":["post-2307","post","type-post","status-publish","format-standard","has-post-thumbnail","hentry","category-allgemein"],"yoast_head":"<!-- This site is optimized with the Yoast SEO plugin v27.4 - https:\/\/yoast.com\/product\/yoast-seo-wordpress\/ -->\n<title>Internationale Anti-AKW-Demo am 9. Septemer in Lingen - umweltaktivisten.de<\/title>\n<meta name=\"robots\" content=\"index, follow, max-snippet:-1, max-image-preview:large, max-video-preview:-1\" \/>\n<link rel=\"canonical\" href=\"https:\/\/www.umweltaktivisten.de\/index.php\/2017\/09\/06\/internationale-anti-akw-demo-am-9-septemer-in-lingen\/\" \/>\n<meta property=\"og:locale\" content=\"de_DE\" \/>\n<meta property=\"og:type\" content=\"article\" \/>\n<meta property=\"og:title\" content=\"Internationale Anti-AKW-Demo am 9. Septemer in Lingen - umweltaktivisten.de\" \/>\n<meta property=\"og:description\" content=\"Internationale Anti-Atomkraft-Demonstration in Lingen: Uranfabriken in Lingen und Gronau schlie\u00dfen! Brennstoff-Exporte verbieten! Atomkraftwerke abschalten! Anti-Atomkraft-Initiativen k\u00fcndigen f\u00fcr den 9. September 2017 eine international besetzte Demonstration im Atomzentrum Lingen an. Zur Teilnahme rufen rund 60 Initiativen und Verb\u00e4nde auf. Auftakt ist um 13 Uhr am Bahnhof Lingen. Redner und Teilnehmende aus\u2026 weiter ...\" \/>\n<meta property=\"og:url\" content=\"https:\/\/www.umweltaktivisten.de\/index.php\/2017\/09\/06\/internationale-anti-akw-demo-am-9-septemer-in-lingen\/\" \/>\n<meta property=\"og:site_name\" content=\"umweltaktivisten.de\" \/>\n<meta property=\"article:published_time\" content=\"2017-09-06T10:50:08+00:00\" \/>\n<meta property=\"article:modified_time\" content=\"2017-09-06T10:57:41+00:00\" \/>\n<meta property=\"og:image\" content=\"https:\/\/www.umweltaktivisten.de\/wp-content\/uploads\/2017\/09\/w_Foto-Lingen-Demo-29.10.2016-SOFA.jpg\" \/>\n\t<meta property=\"og:image:width\" content=\"300\" \/>\n\t<meta property=\"og:image:height\" content=\"200\" \/>\n\t<meta property=\"og:image:type\" content=\"image\/jpeg\" \/>\n<meta name=\"author\" content=\"marita\" \/>\n<meta name=\"twitter:card\" content=\"summary_large_image\" \/>\n<meta name=\"twitter:label1\" content=\"Verfasst von\" \/>\n\t<meta name=\"twitter:data1\" content=\"marita\" \/>\n\t<meta name=\"twitter:label2\" content=\"Gesch\u00e4tzte Lesezeit\" \/>\n\t<meta name=\"twitter:data2\" content=\"4\u00a0Minuten\" \/>\n<script type=\"application\/ld+json\" class=\"yoast-schema-graph\">{\"@context\":\"https:\\\/\\\/schema.org\",\"@graph\":[{\"@type\":\"Article\",\"@id\":\"https:\\\/\\\/www.umweltaktivisten.de\\\/index.php\\\/2017\\\/09\\\/06\\\/internationale-anti-akw-demo-am-9-septemer-in-lingen\\\/#article\",\"isPartOf\":{\"@id\":\"https:\\\/\\\/www.umweltaktivisten.de\\\/index.php\\\/2017\\\/09\\\/06\\\/internationale-anti-akw-demo-am-9-septemer-in-lingen\\\/\"},\"author\":{\"name\":\"marita\",\"@id\":\"https:\\\/\\\/www.umweltaktivisten.de\\\/#\\\/schema\\\/person\\\/af601319cc34a906612869cf3b4fd51a\"},\"headline\":\"Internationale Anti-AKW-Demo am 9. Septemer in Lingen\",\"datePublished\":\"2017-09-06T10:50:08+00:00\",\"dateModified\":\"2017-09-06T10:57:41+00:00\",\"mainEntityOfPage\":{\"@id\":\"https:\\\/\\\/www.umweltaktivisten.de\\\/index.php\\\/2017\\\/09\\\/06\\\/internationale-anti-akw-demo-am-9-septemer-in-lingen\\\/\"},\"wordCount\":768,\"image\":{\"@id\":\"https:\\\/\\\/www.umweltaktivisten.de\\\/index.php\\\/2017\\\/09\\\/06\\\/internationale-anti-akw-demo-am-9-septemer-in-lingen\\\/#primaryimage\"},\"thumbnailUrl\":\"https:\\\/\\\/www.umweltaktivisten.de\\\/wp-content\\\/uploads\\\/2017\\\/09\\\/w_Foto-Lingen-Demo-29.10.2016-SOFA.jpg\",\"inLanguage\":\"de\"},{\"@type\":\"WebPage\",\"@id\":\"https:\\\/\\\/www.umweltaktivisten.de\\\/index.php\\\/2017\\\/09\\\/06\\\/internationale-anti-akw-demo-am-9-septemer-in-lingen\\\/\",\"url\":\"https:\\\/\\\/www.umweltaktivisten.de\\\/index.php\\\/2017\\\/09\\\/06\\\/internationale-anti-akw-demo-am-9-septemer-in-lingen\\\/\",\"name\":\"Internationale Anti-AKW-Demo am 9. Septemer in Lingen - umweltaktivisten.de\",\"isPartOf\":{\"@id\":\"https:\\\/\\\/www.umweltaktivisten.de\\\/#website\"},\"primaryImageOfPage\":{\"@id\":\"https:\\\/\\\/www.umweltaktivisten.de\\\/index.php\\\/2017\\\/09\\\/06\\\/internationale-anti-akw-demo-am-9-septemer-in-lingen\\\/#primaryimage\"},\"image\":{\"@id\":\"https:\\\/\\\/www.umweltaktivisten.de\\\/index.php\\\/2017\\\/09\\\/06\\\/internationale-anti-akw-demo-am-9-septemer-in-lingen\\\/#primaryimage\"},\"thumbnailUrl\":\"https:\\\/\\\/www.umweltaktivisten.de\\\/wp-content\\\/uploads\\\/2017\\\/09\\\/w_Foto-Lingen-Demo-29.10.2016-SOFA.jpg\",\"datePublished\":\"2017-09-06T10:50:08+00:00\",\"dateModified\":\"2017-09-06T10:57:41+00:00\",\"author\":{\"@id\":\"https:\\\/\\\/www.umweltaktivisten.de\\\/#\\\/schema\\\/person\\\/af601319cc34a906612869cf3b4fd51a\"},\"breadcrumb\":{\"@id\":\"https:\\\/\\\/www.umweltaktivisten.de\\\/index.php\\\/2017\\\/09\\\/06\\\/internationale-anti-akw-demo-am-9-septemer-in-lingen\\\/#breadcrumb\"},\"inLanguage\":\"de\",\"potentialAction\":[{\"@type\":\"ReadAction\",\"target\":[\"https:\\\/\\\/www.umweltaktivisten.de\\\/index.php\\\/2017\\\/09\\\/06\\\/internationale-anti-akw-demo-am-9-septemer-in-lingen\\\/\"]}]},{\"@type\":\"ImageObject\",\"inLanguage\":\"de\",\"@id\":\"https:\\\/\\\/www.umweltaktivisten.de\\\/index.php\\\/2017\\\/09\\\/06\\\/internationale-anti-akw-demo-am-9-septemer-in-lingen\\\/#primaryimage\",\"url\":\"https:\\\/\\\/www.umweltaktivisten.de\\\/wp-content\\\/uploads\\\/2017\\\/09\\\/w_Foto-Lingen-Demo-29.10.2016-SOFA.jpg\",\"contentUrl\":\"https:\\\/\\\/www.umweltaktivisten.de\\\/wp-content\\\/uploads\\\/2017\\\/09\\\/w_Foto-Lingen-Demo-29.10.2016-SOFA.jpg\",\"width\":300,\"height\":200},{\"@type\":\"BreadcrumbList\",\"@id\":\"https:\\\/\\\/www.umweltaktivisten.de\\\/index.php\\\/2017\\\/09\\\/06\\\/internationale-anti-akw-demo-am-9-septemer-in-lingen\\\/#breadcrumb\",\"itemListElement\":[{\"@type\":\"ListItem\",\"position\":1,\"name\":\"Home\",\"item\":\"https:\\\/\\\/www.umweltaktivisten.de\\\/\"},{\"@type\":\"ListItem\",\"position\":2,\"name\":\"Internationale Anti-AKW-Demo am 9. Septemer in Lingen\"}]},{\"@type\":\"WebSite\",\"@id\":\"https:\\\/\\\/www.umweltaktivisten.de\\\/#website\",\"url\":\"https:\\\/\\\/www.umweltaktivisten.de\\\/\",\"name\":\"umweltaktivisten.de\",\"description\":\"&quot;Wir haben die Erde nur von unseren Kindern geborgt&quot;\",\"potentialAction\":[{\"@type\":\"SearchAction\",\"target\":{\"@type\":\"EntryPoint\",\"urlTemplate\":\"https:\\\/\\\/www.umweltaktivisten.de\\\/?s={search_term_string}\"},\"query-input\":{\"@type\":\"PropertyValueSpecification\",\"valueRequired\":true,\"valueName\":\"search_term_string\"}}],\"inLanguage\":\"de\"},{\"@type\":\"Person\",\"@id\":\"https:\\\/\\\/www.umweltaktivisten.de\\\/#\\\/schema\\\/person\\\/af601319cc34a906612869cf3b4fd51a\",\"name\":\"marita\",\"url\":\"https:\\\/\\\/www.umweltaktivisten.de\\\/author\\\/marita\\\/\"}]}<\/script>\n<!-- \/ Yoast SEO plugin. -->","yoast_head_json":{"title":"Internationale Anti-AKW-Demo am 9. Septemer in Lingen - umweltaktivisten.de","robots":{"index":"index","follow":"follow","max-snippet":"max-snippet:-1","max-image-preview":"max-image-preview:large","max-video-preview":"max-video-preview:-1"},"canonical":"https:\/\/www.umweltaktivisten.de\/index.php\/2017\/09\/06\/internationale-anti-akw-demo-am-9-septemer-in-lingen\/","og_locale":"de_DE","og_type":"article","og_title":"Internationale Anti-AKW-Demo am 9. Septemer in Lingen - umweltaktivisten.de","og_description":"Internationale Anti-Atomkraft-Demonstration in Lingen: Uranfabriken in Lingen und Gronau schlie\u00dfen! Brennstoff-Exporte verbieten! Atomkraftwerke abschalten! Anti-Atomkraft-Initiativen k\u00fcndigen f\u00fcr den 9. September 2017 eine international besetzte Demonstration im Atomzentrum Lingen an. Zur Teilnahme rufen rund 60 Initiativen und Verb\u00e4nde auf. Auftakt ist um 13 Uhr am Bahnhof Lingen. Redner und Teilnehmende aus\u2026 weiter ...","og_url":"https:\/\/www.umweltaktivisten.de\/index.php\/2017\/09\/06\/internationale-anti-akw-demo-am-9-septemer-in-lingen\/","og_site_name":"umweltaktivisten.de","article_published_time":"2017-09-06T10:50:08+00:00","article_modified_time":"2017-09-06T10:57:41+00:00","og_image":[{"width":300,"height":200,"url":"https:\/\/www.umweltaktivisten.de\/wp-content\/uploads\/2017\/09\/w_Foto-Lingen-Demo-29.10.2016-SOFA.jpg","type":"image\/jpeg"}],"author":"marita","twitter_card":"summary_large_image","twitter_misc":{"Verfasst von":"marita","Gesch\u00e4tzte Lesezeit":"4\u00a0Minuten"},"schema":{"@context":"https:\/\/schema.org","@graph":[{"@type":"Article","@id":"https:\/\/www.umweltaktivisten.de\/index.php\/2017\/09\/06\/internationale-anti-akw-demo-am-9-septemer-in-lingen\/#article","isPartOf":{"@id":"https:\/\/www.umweltaktivisten.de\/index.php\/2017\/09\/06\/internationale-anti-akw-demo-am-9-septemer-in-lingen\/"},"author":{"name":"marita","@id":"https:\/\/www.umweltaktivisten.de\/#\/schema\/person\/af601319cc34a906612869cf3b4fd51a"},"headline":"Internationale Anti-AKW-Demo am 9. Septemer in Lingen","datePublished":"2017-09-06T10:50:08+00:00","dateModified":"2017-09-06T10:57:41+00:00","mainEntityOfPage":{"@id":"https:\/\/www.umweltaktivisten.de\/index.php\/2017\/09\/06\/internationale-anti-akw-demo-am-9-septemer-in-lingen\/"},"wordCount":768,"image":{"@id":"https:\/\/www.umweltaktivisten.de\/index.php\/2017\/09\/06\/internationale-anti-akw-demo-am-9-septemer-in-lingen\/#primaryimage"},"thumbnailUrl":"https:\/\/www.umweltaktivisten.de\/wp-content\/uploads\/2017\/09\/w_Foto-Lingen-Demo-29.10.2016-SOFA.jpg","inLanguage":"de"},{"@type":"WebPage","@id":"https:\/\/www.umweltaktivisten.de\/index.php\/2017\/09\/06\/internationale-anti-akw-demo-am-9-septemer-in-lingen\/","url":"https:\/\/www.umweltaktivisten.de\/index.php\/2017\/09\/06\/internationale-anti-akw-demo-am-9-septemer-in-lingen\/","name":"Internationale Anti-AKW-Demo am 9. Septemer in Lingen - umweltaktivisten.de","isPartOf":{"@id":"https:\/\/www.umweltaktivisten.de\/#website"},"primaryImageOfPage":{"@id":"https:\/\/www.umweltaktivisten.de\/index.php\/2017\/09\/06\/internationale-anti-akw-demo-am-9-septemer-in-lingen\/#primaryimage"},"image":{"@id":"https:\/\/www.umweltaktivisten.de\/index.php\/2017\/09\/06\/internationale-anti-akw-demo-am-9-septemer-in-lingen\/#primaryimage"},"thumbnailUrl":"https:\/\/www.umweltaktivisten.de\/wp-content\/uploads\/2017\/09\/w_Foto-Lingen-Demo-29.10.2016-SOFA.jpg","datePublished":"2017-09-06T10:50:08+00:00","dateModified":"2017-09-06T10:57:41+00:00","author":{"@id":"https:\/\/www.umweltaktivisten.de\/#\/schema\/person\/af601319cc34a906612869cf3b4fd51a"},"breadcrumb":{"@id":"https:\/\/www.umweltaktivisten.de\/index.php\/2017\/09\/06\/internationale-anti-akw-demo-am-9-septemer-in-lingen\/#breadcrumb"},"inLanguage":"de","potentialAction":[{"@type":"ReadAction","target":["https:\/\/www.umweltaktivisten.de\/index.php\/2017\/09\/06\/internationale-anti-akw-demo-am-9-septemer-in-lingen\/"]}]},{"@type":"ImageObject","inLanguage":"de","@id":"https:\/\/www.umweltaktivisten.de\/index.php\/2017\/09\/06\/internationale-anti-akw-demo-am-9-septemer-in-lingen\/#primaryimage","url":"https:\/\/www.umweltaktivisten.de\/wp-content\/uploads\/2017\/09\/w_Foto-Lingen-Demo-29.10.2016-SOFA.jpg","contentUrl":"https:\/\/www.umweltaktivisten.de\/wp-content\/uploads\/2017\/09\/w_Foto-Lingen-Demo-29.10.2016-SOFA.jpg","width":300,"height":200},{"@type":"BreadcrumbList","@id":"https:\/\/www.umweltaktivisten.de\/index.php\/2017\/09\/06\/internationale-anti-akw-demo-am-9-septemer-in-lingen\/#breadcrumb","itemListElement":[{"@type":"ListItem","position":1,"name":"Home","item":"https:\/\/www.umweltaktivisten.de\/"},{"@type":"ListItem","position":2,"name":"Internationale Anti-AKW-Demo am 9. Septemer in Lingen"}]},{"@type":"WebSite","@id":"https:\/\/www.umweltaktivisten.de\/#website","url":"https:\/\/www.umweltaktivisten.de\/","name":"umweltaktivisten.de","description":"&quot;Wir haben die Erde nur von unseren Kindern geborgt&quot;","potentialAction":[{"@type":"SearchAction","target":{"@type":"EntryPoint","urlTemplate":"https:\/\/www.umweltaktivisten.de\/?s={search_term_string}"},"query-input":{"@type":"PropertyValueSpecification","valueRequired":true,"valueName":"search_term_string"}}],"inLanguage":"de"},{"@type":"Person","@id":"https:\/\/www.umweltaktivisten.de\/#\/schema\/person\/af601319cc34a906612869cf3b4fd51a","name":"marita","url":"https:\/\/www.umweltaktivisten.de\/author\/marita\/"}]}},"_links":{"self":[{"href":"https:\/\/www.umweltaktivisten.de\/index.php\/wp-json\/wp\/v2\/posts\/2307","targetHints":{"allow":["GET"]}}],"collection":[{"href":"https:\/\/www.umweltaktivisten.de\/index.php\/wp-json\/wp\/v2\/posts"}],"about":[{"href":"https:\/\/www.umweltaktivisten.de\/index.php\/wp-json\/wp\/v2\/types\/post"}],"author":[{"embeddable":true,"href":"https:\/\/www.umweltaktivisten.de\/index.php\/wp-json\/wp\/v2\/users\/1"}],"replies":[{"embeddable":true,"href":"https:\/\/www.umweltaktivisten.de\/index.php\/wp-json\/wp\/v2\/comments?post=2307"}],"version-history":[{"count":4,"href":"https:\/\/www.umweltaktivisten.de\/index.php\/wp-json\/wp\/v2\/posts\/2307\/revisions"}],"predecessor-version":[{"id":2312,"href":"https:\/\/www.umweltaktivisten.de\/index.php\/wp-json\/wp\/v2\/posts\/2307\/revisions\/2312"}],"wp:featuredmedia":[{"embeddable":true,"href":"https:\/\/www.umweltaktivisten.de\/index.php\/wp-json\/wp\/v2\/media\/2313"}],"wp:attachment":[{"href":"https:\/\/www.umweltaktivisten.de\/index.php\/wp-json\/wp\/v2\/media?parent=2307"}],"wp:term":[{"taxonomy":"category","embeddable":true,"href":"https:\/\/www.umweltaktivisten.de\/index.php\/wp-json\/wp\/v2\/categories?post=2307"},{"taxonomy":"post_tag","embeddable":true,"href":"https:\/\/www.umweltaktivisten.de\/index.php\/wp-json\/wp\/v2\/tags?post=2307"}],"curies":[{"name":"wp","href":"https:\/\/api.w.org\/{rel}","templated":true}]}}