{"id":2194,"date":"2017-06-03T23:57:03","date_gmt":"2017-06-03T21:57:03","guid":{"rendered":"http:\/\/www.umweltaktivisten.de\/?p=2194"},"modified":"2017-06-03T23:59:59","modified_gmt":"2017-06-03T21:59:59","slug":"bbmn-und-bbu-begruessen-das-juristische-vorgehen-der-gemeinde-neckarwestheim","status":"publish","type":"post","link":"https:\/\/www.umweltaktivisten.de\/index.php\/2017\/06\/03\/bbmn-und-bbu-begruessen-das-juristische-vorgehen-der-gemeinde-neckarwestheim\/","title":{"rendered":"BBMN und BBU begr\u00fc\u00dfen das juristische Vorgehen der Gemeinde Neckarwestheim"},"content":{"rendered":"<p><img loading=\"lazy\" decoding=\"async\" class=\"aligncenter size-full wp-image-2196\" src=\"https:\/\/www.umweltaktivisten.de\/wp-content\/uploads\/2017\/06\/kein-castor-neckar-.jpg\" alt=\"\" width=\"300\" height=\"225\" srcset=\"https:\/\/www.umweltaktivisten.de\/wp-content\/uploads\/2017\/06\/kein-castor-neckar-.jpg 300w, https:\/\/www.umweltaktivisten.de\/wp-content\/uploads\/2017\/06\/kein-castor-neckar--150x113.jpg 150w\" sizes=\"auto, (max-width: 300px) 100vw, 300px\" \/><\/p>\n<p>Der Bund der B\u00fcrgerinitiativen Mittlerer Neckar (BBMN) und sein Dachverband, der Bundesverband B\u00fcrgerinitiativen Umweltschutz (BBU), begr\u00fc\u00dfen ausdr\u00fccklich das juristische Vorgehen der Gemeinde Neckarwestheim gegen die drohenden Castor-Atomm\u00fclltransporte auf dem Neckar von Obrigheim nach Neckarwestheim. Gleichzeitig rufen beide Organisationen die Bev\u00f6lkerung zur Teilnahme an weiteren Protesten gegen die gef\u00e4hrlichen Atomtransporte auf.<\/p>\n<p>Die Gemeinde Neckarwestheim hat k\u00fcrzlich beim Verwaltungsgericht Berlin einstweiligen Rechtsschutz beantragt, um die drohenden Castortransporte zu stoppen. Es ist allerdings davon auszugehen, dass das Gericht erst Mitte Juni ein Urteil verk\u00fcnden wird. Der BBMN und der BBU appellieren allerdings an das Gericht m\u00f6glichst schnell zu urteilen, damit mit dem ersten Castortransport, der schon bald erfolgen k\u00f6nnte, nicht Fakten geschaffen werden. Zudem rufen die beiden Organisationen weitere Kommunen dazu auf, den juristischen Protest der Gemeinde Neckarwestheim zu unterst\u00fctzen.<\/p>\n<p>Erstmalig sollen in der Bundesrepublik Transporte von hochradioaktiven abgebrannten Brennelementen auf einem Binnengew\u00e4sser erfolgen. Der BBMN und der BBU bezeichnen die bereits genehmigten Castortransporte als riskant und gef\u00e4hrlich, zudem wird das Atomm\u00fcllproblem nur verlagert und nicht gel\u00f6st. Wiederholt haben Anti-Atomkraft-Initiativen und Umweltverb\u00e4nde kreativ gegen die Transporte demonstriert. Jetzt ruft das\u201eB\u00fcndnis Castor neckarfrei\u201c, dem rund 15 Initiativen und Verb\u00e4nde angeh\u00f6ren, zu Protesten am \u201eTag X\u201c auf. In einer Information des \u201eB\u00fcndnis Neckar castorfrei\u201c hei\u00dft es dazu:<\/p>\n<p>\u201eDa inzwischen die Transportgenehmigung erteilt wurde, gehen wir davon aus, dass der Abstand vom Leertransport zum ersten hochradioaktiven Transport aus Obrigheim sehr kurz sein wird. Die Schiffe fahren vermutlich in Neckarwestheim erst dann los, wenn die ersten drei CASTOREN in Obrigheim beladen sind. Das hei\u00dft, sie fahren fr\u00fch morgens in Neckarwestheim los, entladen die n\u00e4chsten drei Leer-Castoren in Obrigheim und ankern \u00fcber Nacht dort. Der Transport mit dem hochradioaktiven Atomm\u00fcll startet dann voraussichtlich am n\u00e4chsten Tag nach Neckarwestheim. Mit dem Leertransport m\u00fcsst Ihr Euch also voraussichtlich auf mehrere Tage Protest und Widerstand einrichten! F\u00fcr den Tag des ersten von f\u00fcnf Castor-Transporten werden wir zu einer Demo und weiteren Protestaktionen w\u00e4hrend des Transports an und \u00fcber dem Neckar aufrufen.\u201c<\/p>\n<p>Ausf\u00fchrliche Informationen \u00fcber die anstehenden Transporte und die geplanten Protestaktionen findet man unter <a href=\"https:\/\/neckar-castorfrei.de\" target=\"_blank\" rel=\"noopener noreferrer\">https:\/\/neckar-castorfrei.de<\/a>. Weitere Informationen unter <a href=\"http:\/\/www.bbmn.de\" target=\"_blank\" rel=\"noopener noreferrer\">http:\/\/www.bbmn.de<\/a> sowie <a href=\"http:\/\/www.atomerbe-obrigheim.de\" target=\"_blank\" rel=\"noopener noreferrer\">http:\/\/www.atomerbe-obrigheim.de<\/a>.<\/p>\n<p>Fotos der Protestaktionen vom 21. Mai 2017 unter <a href=\"https:\/\/neckar-castorfrei.de\/informiert-sein\/news-berichte\/159-ein-lebensfrohes-signal-gegen-riskante-atommuelltransporte\" target=\"_blank\" rel=\"noopener noreferrer\">https:\/\/neckar-castorfrei.de\/informiert-sein\/news-berichte\/159-ein-lebensfrohes-signal-gegen-riskante-atommuelltransporte<\/a><\/p>\n<p>(PM vom 29.05.2017 des BBU und BBMN)<\/p>\n","protected":false},"excerpt":{"rendered":"<p>Der Bund der B\u00fcrgerinitiativen Mittlerer Neckar (BBMN) und sein Dachverband, der Bundesverband B\u00fcrgerinitiativen Umweltschutz (BBU), begr\u00fc\u00dfen ausdr\u00fccklich das juristische Vorgehen der Gemeinde Neckarwestheim gegen die drohenden Castor-Atomm\u00fclltransporte auf dem Neckar von Obrigheim nach Neckarwestheim. Gleichzeitig rufen beide Organisationen die Bev\u00f6lkerung zur Teilnahme an weiteren Protesten gegen die gef\u00e4hrlichen Atomtransporte auf.\u2026<\/p>\n<p class=\"continue-reading-button\"> <a class=\"continue-reading-link\" href=\"https:\/\/www.umweltaktivisten.de\/index.php\/2017\/06\/03\/bbmn-und-bbu-begruessen-das-juristische-vorgehen-der-gemeinde-neckarwestheim\/\">weiter &#8230;<i class=\"crycon-right-dir\"><\/i><\/a><\/p>\n","protected":false},"author":1,"featured_media":2196,"comment_status":"closed","ping_status":"closed","sticky":false,"template":"","format":"standard","meta":{"footnotes":""},"categories":[1,21],"tags":[251],"class_list":["post-2194","post","type-post","status-publish","format-standard","has-post-thumbnail","hentry","category-allgemein","category-atom","tag-neckarwestheim"],"yoast_head":"<!-- This site is optimized with the Yoast SEO plugin v27.5 - https:\/\/yoast.com\/product\/yoast-seo-wordpress\/ -->\n<title>BBU und BBMN rufen zu weiteren Protesten auf: Atomm\u00fclltransporte auf dem Neckar von Obrigheim nach Neckarwestheim<\/title>\n<meta name=\"description\" content=\"BBU und BBMN rufen zu weiteren Protesten auf: Atomm\u00fclltransporte auf dem Neckar von Obrigheim nach Neckarwestheim.\" \/>\n<meta name=\"robots\" content=\"index, nofollow, max-snippet:-1, max-image-preview:large, max-video-preview:-1\" \/>\n<link rel=\"canonical\" href=\"https:\/\/www.umweltaktivisten.de\/index.php\/2017\/06\/03\/bbmn-und-bbu-begruessen-das-juristische-vorgehen-der-gemeinde-neckarwestheim\/\" \/>\n<meta property=\"og:locale\" content=\"de_DE\" \/>\n<meta property=\"og:type\" content=\"article\" \/>\n<meta property=\"og:title\" content=\"BBU und BBMN rufen zu weiteren Protesten auf: Atomm\u00fclltransporte auf dem Neckar von Obrigheim nach Neckarwestheim\" \/>\n<meta property=\"og:description\" content=\"BBU und BBMN rufen zu weiteren Protesten auf: Atomm\u00fclltransporte auf dem Neckar von Obrigheim nach Neckarwestheim.\" \/>\n<meta property=\"og:url\" content=\"https:\/\/www.umweltaktivisten.de\/index.php\/2017\/06\/03\/bbmn-und-bbu-begruessen-das-juristische-vorgehen-der-gemeinde-neckarwestheim\/\" \/>\n<meta property=\"og:site_name\" content=\"umweltaktivisten.de\" \/>\n<meta property=\"article:published_time\" content=\"2017-06-03T21:57:03+00:00\" \/>\n<meta property=\"article:modified_time\" content=\"2017-06-03T21:59:59+00:00\" \/>\n<meta property=\"og:image\" content=\"https:\/\/www.umweltaktivisten.de\/wp-content\/uploads\/2017\/06\/kein-castor-neckar-.jpg\" \/>\n\t<meta property=\"og:image:width\" content=\"300\" \/>\n\t<meta property=\"og:image:height\" content=\"225\" \/>\n\t<meta property=\"og:image:type\" content=\"image\/jpeg\" \/>\n<meta name=\"author\" content=\"marita\" \/>\n<meta name=\"twitter:card\" content=\"summary_large_image\" \/>\n<meta name=\"twitter:label1\" content=\"Verfasst von\" \/>\n\t<meta name=\"twitter:data1\" content=\"marita\" \/>\n\t<meta name=\"twitter:label2\" content=\"Gesch\u00e4tzte Lesezeit\" \/>\n\t<meta name=\"twitter:data2\" content=\"2\u00a0Minuten\" \/>\n<script type=\"application\/ld+json\" class=\"yoast-schema-graph\">{\"@context\":\"https:\\\/\\\/schema.org\",\"@graph\":[{\"@type\":\"Article\",\"@id\":\"https:\\\/\\\/www.umweltaktivisten.de\\\/index.php\\\/2017\\\/06\\\/03\\\/bbmn-und-bbu-begruessen-das-juristische-vorgehen-der-gemeinde-neckarwestheim\\\/#article\",\"isPartOf\":{\"@id\":\"https:\\\/\\\/www.umweltaktivisten.de\\\/index.php\\\/2017\\\/06\\\/03\\\/bbmn-und-bbu-begruessen-das-juristische-vorgehen-der-gemeinde-neckarwestheim\\\/\"},\"author\":{\"name\":\"marita\",\"@id\":\"https:\\\/\\\/www.umweltaktivisten.de\\\/#\\\/schema\\\/person\\\/af601319cc34a906612869cf3b4fd51a\"},\"headline\":\"BBMN und BBU begr\u00fc\u00dfen das juristische Vorgehen der Gemeinde Neckarwestheim\",\"datePublished\":\"2017-06-03T21:57:03+00:00\",\"dateModified\":\"2017-06-03T21:59:59+00:00\",\"mainEntityOfPage\":{\"@id\":\"https:\\\/\\\/www.umweltaktivisten.de\\\/index.php\\\/2017\\\/06\\\/03\\\/bbmn-und-bbu-begruessen-das-juristische-vorgehen-der-gemeinde-neckarwestheim\\\/\"},\"wordCount\":409,\"image\":{\"@id\":\"https:\\\/\\\/www.umweltaktivisten.de\\\/index.php\\\/2017\\\/06\\\/03\\\/bbmn-und-bbu-begruessen-das-juristische-vorgehen-der-gemeinde-neckarwestheim\\\/#primaryimage\"},\"thumbnailUrl\":\"https:\\\/\\\/www.umweltaktivisten.de\\\/wp-content\\\/uploads\\\/2017\\\/06\\\/kein-castor-neckar-.jpg\",\"keywords\":[\"Neckarwestheim\"],\"articleSection\":{\"1\":\"Atom\"},\"inLanguage\":\"de\"},{\"@type\":\"WebPage\",\"@id\":\"https:\\\/\\\/www.umweltaktivisten.de\\\/index.php\\\/2017\\\/06\\\/03\\\/bbmn-und-bbu-begruessen-das-juristische-vorgehen-der-gemeinde-neckarwestheim\\\/\",\"url\":\"https:\\\/\\\/www.umweltaktivisten.de\\\/index.php\\\/2017\\\/06\\\/03\\\/bbmn-und-bbu-begruessen-das-juristische-vorgehen-der-gemeinde-neckarwestheim\\\/\",\"name\":\"BBU und BBMN rufen zu weiteren Protesten auf: Atomm\u00fclltransporte auf dem Neckar von Obrigheim nach Neckarwestheim\",\"isPartOf\":{\"@id\":\"https:\\\/\\\/www.umweltaktivisten.de\\\/#website\"},\"primaryImageOfPage\":{\"@id\":\"https:\\\/\\\/www.umweltaktivisten.de\\\/index.php\\\/2017\\\/06\\\/03\\\/bbmn-und-bbu-begruessen-das-juristische-vorgehen-der-gemeinde-neckarwestheim\\\/#primaryimage\"},\"image\":{\"@id\":\"https:\\\/\\\/www.umweltaktivisten.de\\\/index.php\\\/2017\\\/06\\\/03\\\/bbmn-und-bbu-begruessen-das-juristische-vorgehen-der-gemeinde-neckarwestheim\\\/#primaryimage\"},\"thumbnailUrl\":\"https:\\\/\\\/www.umweltaktivisten.de\\\/wp-content\\\/uploads\\\/2017\\\/06\\\/kein-castor-neckar-.jpg\",\"datePublished\":\"2017-06-03T21:57:03+00:00\",\"dateModified\":\"2017-06-03T21:59:59+00:00\",\"author\":{\"@id\":\"https:\\\/\\\/www.umweltaktivisten.de\\\/#\\\/schema\\\/person\\\/af601319cc34a906612869cf3b4fd51a\"},\"description\":\"BBU und BBMN rufen zu weiteren Protesten auf: Atomm\u00fclltransporte auf dem Neckar von Obrigheim nach Neckarwestheim.\",\"breadcrumb\":{\"@id\":\"https:\\\/\\\/www.umweltaktivisten.de\\\/index.php\\\/2017\\\/06\\\/03\\\/bbmn-und-bbu-begruessen-das-juristische-vorgehen-der-gemeinde-neckarwestheim\\\/#breadcrumb\"},\"inLanguage\":\"de\",\"potentialAction\":[{\"@type\":\"ReadAction\",\"target\":[\"https:\\\/\\\/www.umweltaktivisten.de\\\/index.php\\\/2017\\\/06\\\/03\\\/bbmn-und-bbu-begruessen-das-juristische-vorgehen-der-gemeinde-neckarwestheim\\\/\"]}]},{\"@type\":\"ImageObject\",\"inLanguage\":\"de\",\"@id\":\"https:\\\/\\\/www.umweltaktivisten.de\\\/index.php\\\/2017\\\/06\\\/03\\\/bbmn-und-bbu-begruessen-das-juristische-vorgehen-der-gemeinde-neckarwestheim\\\/#primaryimage\",\"url\":\"https:\\\/\\\/www.umweltaktivisten.de\\\/wp-content\\\/uploads\\\/2017\\\/06\\\/kein-castor-neckar-.jpg\",\"contentUrl\":\"https:\\\/\\\/www.umweltaktivisten.de\\\/wp-content\\\/uploads\\\/2017\\\/06\\\/kein-castor-neckar-.jpg\",\"width\":300,\"height\":225},{\"@type\":\"BreadcrumbList\",\"@id\":\"https:\\\/\\\/www.umweltaktivisten.de\\\/index.php\\\/2017\\\/06\\\/03\\\/bbmn-und-bbu-begruessen-das-juristische-vorgehen-der-gemeinde-neckarwestheim\\\/#breadcrumb\",\"itemListElement\":[{\"@type\":\"ListItem\",\"position\":1,\"name\":\"Home\",\"item\":\"https:\\\/\\\/www.umweltaktivisten.de\\\/\"},{\"@type\":\"ListItem\",\"position\":2,\"name\":\"BBMN und BBU begr\u00fc\u00dfen das juristische Vorgehen der Gemeinde Neckarwestheim\"}]},{\"@type\":\"WebSite\",\"@id\":\"https:\\\/\\\/www.umweltaktivisten.de\\\/#website\",\"url\":\"https:\\\/\\\/www.umweltaktivisten.de\\\/\",\"name\":\"umweltaktivisten.de\",\"description\":\"&quot;Wir haben die Erde nur von unseren Kindern geborgt&quot;\",\"potentialAction\":[{\"@type\":\"SearchAction\",\"target\":{\"@type\":\"EntryPoint\",\"urlTemplate\":\"https:\\\/\\\/www.umweltaktivisten.de\\\/?s={search_term_string}\"},\"query-input\":{\"@type\":\"PropertyValueSpecification\",\"valueRequired\":true,\"valueName\":\"search_term_string\"}}],\"inLanguage\":\"de\"},{\"@type\":\"Person\",\"@id\":\"https:\\\/\\\/www.umweltaktivisten.de\\\/#\\\/schema\\\/person\\\/af601319cc34a906612869cf3b4fd51a\",\"name\":\"marita\",\"url\":\"https:\\\/\\\/www.umweltaktivisten.de\\\/author\\\/marita\\\/\"}]}<\/script>\n<!-- \/ Yoast SEO plugin. -->","yoast_head_json":{"title":"BBU und BBMN rufen zu weiteren Protesten auf: Atomm\u00fclltransporte auf dem Neckar von Obrigheim nach Neckarwestheim","description":"BBU und BBMN rufen zu weiteren Protesten auf: Atomm\u00fclltransporte auf dem Neckar von Obrigheim nach Neckarwestheim.","robots":{"index":"index","follow":"nofollow","max-snippet":"max-snippet:-1","max-image-preview":"max-image-preview:large","max-video-preview":"max-video-preview:-1"},"canonical":"https:\/\/www.umweltaktivisten.de\/index.php\/2017\/06\/03\/bbmn-und-bbu-begruessen-das-juristische-vorgehen-der-gemeinde-neckarwestheim\/","og_locale":"de_DE","og_type":"article","og_title":"BBU und BBMN rufen zu weiteren Protesten auf: Atomm\u00fclltransporte auf dem Neckar von Obrigheim nach Neckarwestheim","og_description":"BBU und BBMN rufen zu weiteren Protesten auf: Atomm\u00fclltransporte auf dem Neckar von Obrigheim nach Neckarwestheim.","og_url":"https:\/\/www.umweltaktivisten.de\/index.php\/2017\/06\/03\/bbmn-und-bbu-begruessen-das-juristische-vorgehen-der-gemeinde-neckarwestheim\/","og_site_name":"umweltaktivisten.de","article_published_time":"2017-06-03T21:57:03+00:00","article_modified_time":"2017-06-03T21:59:59+00:00","og_image":[{"width":300,"height":225,"url":"https:\/\/www.umweltaktivisten.de\/wp-content\/uploads\/2017\/06\/kein-castor-neckar-.jpg","type":"image\/jpeg"}],"author":"marita","twitter_card":"summary_large_image","twitter_misc":{"Verfasst von":"marita","Gesch\u00e4tzte Lesezeit":"2\u00a0Minuten"},"schema":{"@context":"https:\/\/schema.org","@graph":[{"@type":"Article","@id":"https:\/\/www.umweltaktivisten.de\/index.php\/2017\/06\/03\/bbmn-und-bbu-begruessen-das-juristische-vorgehen-der-gemeinde-neckarwestheim\/#article","isPartOf":{"@id":"https:\/\/www.umweltaktivisten.de\/index.php\/2017\/06\/03\/bbmn-und-bbu-begruessen-das-juristische-vorgehen-der-gemeinde-neckarwestheim\/"},"author":{"name":"marita","@id":"https:\/\/www.umweltaktivisten.de\/#\/schema\/person\/af601319cc34a906612869cf3b4fd51a"},"headline":"BBMN und BBU begr\u00fc\u00dfen das juristische Vorgehen der Gemeinde Neckarwestheim","datePublished":"2017-06-03T21:57:03+00:00","dateModified":"2017-06-03T21:59:59+00:00","mainEntityOfPage":{"@id":"https:\/\/www.umweltaktivisten.de\/index.php\/2017\/06\/03\/bbmn-und-bbu-begruessen-das-juristische-vorgehen-der-gemeinde-neckarwestheim\/"},"wordCount":409,"image":{"@id":"https:\/\/www.umweltaktivisten.de\/index.php\/2017\/06\/03\/bbmn-und-bbu-begruessen-das-juristische-vorgehen-der-gemeinde-neckarwestheim\/#primaryimage"},"thumbnailUrl":"https:\/\/www.umweltaktivisten.de\/wp-content\/uploads\/2017\/06\/kein-castor-neckar-.jpg","keywords":["Neckarwestheim"],"articleSection":{"1":"Atom"},"inLanguage":"de"},{"@type":"WebPage","@id":"https:\/\/www.umweltaktivisten.de\/index.php\/2017\/06\/03\/bbmn-und-bbu-begruessen-das-juristische-vorgehen-der-gemeinde-neckarwestheim\/","url":"https:\/\/www.umweltaktivisten.de\/index.php\/2017\/06\/03\/bbmn-und-bbu-begruessen-das-juristische-vorgehen-der-gemeinde-neckarwestheim\/","name":"BBU und BBMN rufen zu weiteren Protesten auf: Atomm\u00fclltransporte auf dem Neckar von Obrigheim nach Neckarwestheim","isPartOf":{"@id":"https:\/\/www.umweltaktivisten.de\/#website"},"primaryImageOfPage":{"@id":"https:\/\/www.umweltaktivisten.de\/index.php\/2017\/06\/03\/bbmn-und-bbu-begruessen-das-juristische-vorgehen-der-gemeinde-neckarwestheim\/#primaryimage"},"image":{"@id":"https:\/\/www.umweltaktivisten.de\/index.php\/2017\/06\/03\/bbmn-und-bbu-begruessen-das-juristische-vorgehen-der-gemeinde-neckarwestheim\/#primaryimage"},"thumbnailUrl":"https:\/\/www.umweltaktivisten.de\/wp-content\/uploads\/2017\/06\/kein-castor-neckar-.jpg","datePublished":"2017-06-03T21:57:03+00:00","dateModified":"2017-06-03T21:59:59+00:00","author":{"@id":"https:\/\/www.umweltaktivisten.de\/#\/schema\/person\/af601319cc34a906612869cf3b4fd51a"},"description":"BBU und BBMN rufen zu weiteren Protesten auf: Atomm\u00fclltransporte auf dem Neckar von Obrigheim nach Neckarwestheim.","breadcrumb":{"@id":"https:\/\/www.umweltaktivisten.de\/index.php\/2017\/06\/03\/bbmn-und-bbu-begruessen-das-juristische-vorgehen-der-gemeinde-neckarwestheim\/#breadcrumb"},"inLanguage":"de","potentialAction":[{"@type":"ReadAction","target":["https:\/\/www.umweltaktivisten.de\/index.php\/2017\/06\/03\/bbmn-und-bbu-begruessen-das-juristische-vorgehen-der-gemeinde-neckarwestheim\/"]}]},{"@type":"ImageObject","inLanguage":"de","@id":"https:\/\/www.umweltaktivisten.de\/index.php\/2017\/06\/03\/bbmn-und-bbu-begruessen-das-juristische-vorgehen-der-gemeinde-neckarwestheim\/#primaryimage","url":"https:\/\/www.umweltaktivisten.de\/wp-content\/uploads\/2017\/06\/kein-castor-neckar-.jpg","contentUrl":"https:\/\/www.umweltaktivisten.de\/wp-content\/uploads\/2017\/06\/kein-castor-neckar-.jpg","width":300,"height":225},{"@type":"BreadcrumbList","@id":"https:\/\/www.umweltaktivisten.de\/index.php\/2017\/06\/03\/bbmn-und-bbu-begruessen-das-juristische-vorgehen-der-gemeinde-neckarwestheim\/#breadcrumb","itemListElement":[{"@type":"ListItem","position":1,"name":"Home","item":"https:\/\/www.umweltaktivisten.de\/"},{"@type":"ListItem","position":2,"name":"BBMN und BBU begr\u00fc\u00dfen das juristische Vorgehen der Gemeinde Neckarwestheim"}]},{"@type":"WebSite","@id":"https:\/\/www.umweltaktivisten.de\/#website","url":"https:\/\/www.umweltaktivisten.de\/","name":"umweltaktivisten.de","description":"&quot;Wir haben die Erde nur von unseren Kindern geborgt&quot;","potentialAction":[{"@type":"SearchAction","target":{"@type":"EntryPoint","urlTemplate":"https:\/\/www.umweltaktivisten.de\/?s={search_term_string}"},"query-input":{"@type":"PropertyValueSpecification","valueRequired":true,"valueName":"search_term_string"}}],"inLanguage":"de"},{"@type":"Person","@id":"https:\/\/www.umweltaktivisten.de\/#\/schema\/person\/af601319cc34a906612869cf3b4fd51a","name":"marita","url":"https:\/\/www.umweltaktivisten.de\/author\/marita\/"}]}},"_links":{"self":[{"href":"https:\/\/www.umweltaktivisten.de\/index.php\/wp-json\/wp\/v2\/posts\/2194","targetHints":{"allow":["GET"]}}],"collection":[{"href":"https:\/\/www.umweltaktivisten.de\/index.php\/wp-json\/wp\/v2\/posts"}],"about":[{"href":"https:\/\/www.umweltaktivisten.de\/index.php\/wp-json\/wp\/v2\/types\/post"}],"author":[{"embeddable":true,"href":"https:\/\/www.umweltaktivisten.de\/index.php\/wp-json\/wp\/v2\/users\/1"}],"replies":[{"embeddable":true,"href":"https:\/\/www.umweltaktivisten.de\/index.php\/wp-json\/wp\/v2\/comments?post=2194"}],"version-history":[{"count":7,"href":"https:\/\/www.umweltaktivisten.de\/index.php\/wp-json\/wp\/v2\/posts\/2194\/revisions"}],"predecessor-version":[{"id":2202,"href":"https:\/\/www.umweltaktivisten.de\/index.php\/wp-json\/wp\/v2\/posts\/2194\/revisions\/2202"}],"wp:featuredmedia":[{"embeddable":true,"href":"https:\/\/www.umweltaktivisten.de\/index.php\/wp-json\/wp\/v2\/media\/2196"}],"wp:attachment":[{"href":"https:\/\/www.umweltaktivisten.de\/index.php\/wp-json\/wp\/v2\/media?parent=2194"}],"wp:term":[{"taxonomy":"category","embeddable":true,"href":"https:\/\/www.umweltaktivisten.de\/index.php\/wp-json\/wp\/v2\/categories?post=2194"},{"taxonomy":"post_tag","embeddable":true,"href":"https:\/\/www.umweltaktivisten.de\/index.php\/wp-json\/wp\/v2\/tags?post=2194"}],"curies":[{"name":"wp","href":"https:\/\/api.w.org\/{rel}","templated":true}]}}