{"id":2041,"date":"2017-03-30T23:59:50","date_gmt":"2017-03-30T21:59:50","guid":{"rendered":"http:\/\/www.umweltaktivisten.de\/?p=2041"},"modified":"2018-01-31T00:46:39","modified_gmt":"2018-01-30T23:46:39","slug":"anti-atomkraft-initiativen-schreiben-ministerpraesidentin-kraft","status":"publish","type":"post","link":"https:\/\/www.umweltaktivisten.de\/index.php\/2017\/03\/30\/anti-atomkraft-initiativen-schreiben-ministerpraesidentin-kraft\/","title":{"rendered":"Anti-Atomkraft-Initiativen schreiben Ministerpr\u00e4sidentin Kraft"},"content":{"rendered":"<div id=\"attachment_2043\" style=\"width: 910px\" class=\"wp-caption aligncenter\"><img loading=\"lazy\" decoding=\"async\" aria-describedby=\"caption-attachment-2043\" class=\"size-large wp-image-2043\" src=\"https:\/\/www.umweltaktivisten.de\/wp-content\/uploads\/2017\/03\/Michael-Gaida-architecture-974210_1920-1024x768.jpg\" alt=\"\" width=\"900\" height=\"675\" srcset=\"https:\/\/www.umweltaktivisten.de\/wp-content\/uploads\/2017\/03\/Michael-Gaida-architecture-974210_1920-1024x768.jpg 1024w, https:\/\/www.umweltaktivisten.de\/wp-content\/uploads\/2017\/03\/Michael-Gaida-architecture-974210_1920-300x225.jpg 300w, https:\/\/www.umweltaktivisten.de\/wp-content\/uploads\/2017\/03\/Michael-Gaida-architecture-974210_1920-768x576.jpg 768w, https:\/\/www.umweltaktivisten.de\/wp-content\/uploads\/2017\/03\/Michael-Gaida-architecture-974210_1920-150x113.jpg 150w, https:\/\/www.umweltaktivisten.de\/wp-content\/uploads\/2017\/03\/Michael-Gaida-architecture-974210_1920.jpg 1920w\" sizes=\"auto, (max-width: 900px) 100vw, 900px\" \/><p id=\"caption-attachment-2043\" class=\"wp-caption-text\">Foto: Michael Gaida<\/p><\/div>\n<p><strong>Anti-Atomkraft-Initiativen schreiben Ministerpr\u00e4sidentin Kraft: <\/strong><\/p>\n<p><strong>&#8211; NRW soll f\u00fcr Endlagersuchgesetz Vermittlungsausschuss anrufen<\/strong><\/p>\n<p><strong>&#8211; &#8222;Exporte von Brennelementen und angereichertem Uran stoppen&#8220;<\/strong><\/p>\n<p><strong><sup>\u00a0<\/sup><\/strong>Mehrere Anti-Atomkraft-Initiativen haben NRW-Ministerpr\u00e4sidentin Hannelore Kraft sowie den vier Fachministern Duin, Remmel, Schulze und L\u00f6hrmann geschrieben, um von der NRW-Landesregierung die L\u00f6sung der gravierenden Probleme im Atombereich einzufordern. Dabei geht es um die Atomstandorte J\u00fclich, Ahaus und Gronau sowie um den unverantwortlichen Export von Brennelementen aus Lingen und angereichertem Uran aus Gronau f\u00fcr die belgischen Pannenreaktoren Tihange und Doel.<\/p>\n<div id=\"attachment_1696\" style=\"width: 513px\" class=\"wp-caption aligncenter\"><img loading=\"lazy\" decoding=\"async\" aria-describedby=\"caption-attachment-1696\" class=\" wp-image-1696\" src=\"https:\/\/www.umweltaktivisten.de\/wp-content\/uploads\/2016\/12\/dasglasauge_Fotolia_34280918_S.jpg\" alt=\"\" width=\"503\" height=\"336\" srcset=\"https:\/\/www.umweltaktivisten.de\/wp-content\/uploads\/2016\/12\/dasglasauge_Fotolia_34280918_S.jpg 849w, https:\/\/www.umweltaktivisten.de\/wp-content\/uploads\/2016\/12\/dasglasauge_Fotolia_34280918_S-300x200.jpg 300w, https:\/\/www.umweltaktivisten.de\/wp-content\/uploads\/2016\/12\/dasglasauge_Fotolia_34280918_S-150x100.jpg 150w\" sizes=\"auto, (max-width: 503px) 100vw, 503px\" \/><p id=\"caption-attachment-1696\" class=\"wp-caption-text\">Grafik: dasglasauge (Fotolia)<\/p><\/div>\n<p><strong>NRW muss sich f\u00fcr eindeutiges Atomm\u00fcll-Export-Verbot einsetzen<\/strong><\/p>\n<p><strong>\u00a0<\/strong>Anlass des Briefes ist die Beratung des Standortauswahlgesetzes (StandAG) f\u00fcr die Suche nach einem Atomm\u00fcllendlager im Bundesrat am morgigen Freitag. In dem umfangreichen Gesetz ist eine Passage enthalten, die nach Auffassung der Anti-Atomkraft-Initiativen letztlich auch den Export der hochradioaktiven Brennelementkugeln aus den stillgelegten Reaktoren in J\u00fclich und Hamm in die USA erm\u00f6glichen kann. Thomas Rahner, Fachanwalt f\u00fcr Verwaltungsrecht, best\u00e4tigt dies in einer juristischen Stellungnahme. Zudem wird der J\u00fclicher Versuchsreaktor immer wieder f\u00e4lschlicherweise als Forschungsreaktor bezeichnet, obwohl er ein Leistungsreaktor war.<\/p>\n<p>Die NRW-Landesregierung muss ihre Aussage im NRW-Koalitionsvertrag \u201eWir wollen, dass die Castoren, vor allem die in J\u00fclich lagernden, nur noch einmal transportiert werden \u2013 n\u00e4mlich zu einem Endlager, wenn hierf\u00fcr ein Standort gefunden ist\u201c, endlich konsequent umsetzen und sich f\u00fcr ein eindeutiges Exportverbot im Bundesrat einsetzen. Der <a href=\"https:\/\/www.umweltaktivisten.de\/wp-content\/uploads\/2017\/03\/Brief-NRW-Landesregierung-280317.pdf\">Brief <\/a> und die <a href=\"https:\/\/www.umweltaktivisten.de\/wp-content\/uploads\/2017\/03\/StandAG-jurist-Stellungnahme.pdf\" target=\"_blank\" rel=\"noopener\">juristische Stellungnahme<\/a> h\u00e4ngen dieser PM an.<\/p>\n<p><strong>Klare Strategie f\u00fcr Gronauer Uranm\u00fcll gefordert<\/strong><\/p>\n<p><strong>\u00a0<\/strong>Mit dem StandAG soll zwar zun\u00e4chst die Suche nach einem Endlager f\u00fcr hochradioaktiven Atomm\u00fcll geregelt werden. Dennoch weist das Gesetz darauf hin, dass dieses Endlager gegebenenfalls zus\u00e4tzlich den noch zu bergenden Atomm\u00fcll aus der Asse sowie den Atomm\u00fcll aus der Gronauer Urananreicherungsanlage (UAA) aufnehmen soll. Dadurch kann ein neues Endlager allein aufgrund der riesigen Uranmengen wom\u00f6glich dreimal so gro\u00df werden wie allein f\u00fcr abgebrannte Brennelemente. Atomkraftgegner fordern von der NRW-Landesregierung und der Bundesregierung deshalb eine klare Definition der Gronauer Uranabf\u00e4lle als &#8222;Atomm\u00fcll&#8220; \u2013 und damit verbunden eine neue und verbindliche Strategie zur sicheren Entsorgung dieser Uranabf\u00e4lle. Der erste Schritt daf\u00fcr ist die im NRW-Koalitionsvertrag versprochene Stilllegung der Urananreicherungsanlage.<\/p>\n<p><strong>NRW-Landesregierung muss Farbe bekennen<\/strong><\/p>\n<p><strong>\u00a0<\/strong>Aus diesen Gr\u00fcnden fordern die Anti-Atomkraft-Initiativen von der NRW-Landesregierung, in der Bundesratssitzung am Freitag den Vermittlungsausschuss anzurufen, um die f\u00fcr NRW offenen und dr\u00e4ngenden Fragen verbindlich zu l\u00f6sen. Desweiteren fordern sie von der Landesregierung eine politische Initiative, um einen Exportstopp f\u00fcr Brennelemente und angereichertes Uran nach Belgien und zu anderen Pannenreaktoren herbeizuf\u00fchren.<\/p>\n<p>&#8222;Die NRW-Landesregierung muss am morgigen Freitag im Bundesrat Farbe bekennen, um die dr\u00e4ngenden Atomprobleme f\u00fcr NRW in den Griff zu bekommen \u2013 die Enth\u00fcllungen zu den Brennelementexporten von Lingen nach Tihange zeigen, dass sich die Bundesumweltministerin jedenfalls nicht um die Gesundheit und Sicherheit der Bev\u00f6lkerung k\u00fcmmert. Wir erwarten deshalb von Ministerpr\u00e4sidentin Kraft im Bundesrat und in D\u00fcsseldorf eine klare Ansage zum Atomausstieg und gegen Atomexporte&#8220;, fordert Marita Boslar vom Aktionsb\u00fcndnis \u201eStop Westcastor\u201c.<\/p>\n<p><strong>Neue Proteste in Gronau, J\u00fclich und Aachen\/Tihange<\/strong><\/p>\n<p>Am Karfreitag, 14. April, wird es in Gronau und J\u00fclich Osterm\u00e4rsche gegen die dortigen Urananreicherungsbetriebe geben. In Gronau geht es um 13 Uhr vom Bahnhof zur bundesweit einzigen Urananreicherungsanlage Gronau. In J\u00fclich findet um 14 Uhr vor dem Tor der Uranzentrifugen-Firma \u00a0Enrichment Technology\u00a0 Company (ETC) am Forschungszentrum J\u00fclich eine Mahnwache statt. ETC ist eine gemeinsame Tochter von Urenco und Areva und ist f\u00fcr die Erforschung und Entwicklung sowie den Bau der Uranzentrifugen zust\u00e4ndig, welche die Urananreicherung \u00fcberhaupt erst erm\u00f6glicht.<\/p>\n<p>Am 25. Juni wird mit einer 90 Kilometer langen Menschenkette von Aachen via Maastricht und L\u00fcttich nach Tihange gegen den Weiterbetrieb der belgischen Reaktoren und gegen die Belieferung mit Uranbrennstoff aus Deutschland demonstriert.<\/p>\n<p>PM von \u2022 <a href=\"https:\/\/sofa-ms.de\/\" target=\"_blank\" rel=\"noopener\"><em>Aktionsb\u00fcndnis M\u00fcnsterland gegen Atomanlagen<\/em><\/a> \u2022 <a href=\"http:\/\/westcastor.blogsport.de\/\" target=\"_blank\" rel=\"noopener\"><em>Aktionsb\u00fcndnis \u201eStop Westcastor\u201c<\/em><\/a> \u2022 <a href=\"http:\/\/www.anti-akw-ac.de\/\" target=\"_blank\" rel=\"noopener\"><em>Aachener Aktionsb\u00fcndnis gegen Atomenergie<\/em><\/a> \u2022 <a href=\"http:\/\/www.bbu-online.de\/index.html\" target=\"_blank\" rel=\"noopener\"><em>Bundesverband B\u00fcrgerinitiativen Umweltschutz (BBU)<\/em><\/a> vom 30.3.2017Brief NRW-Landesregierung 280317<\/p>\n","protected":false},"excerpt":{"rendered":"<p>Anti-Atomkraft-Initiativen schreiben Ministerpr\u00e4sidentin Kraft: &#8211; NRW soll f\u00fcr Endlagersuchgesetz Vermittlungsausschuss anrufen &#8211; &#8222;Exporte von Brennelementen und angereichertem Uran stoppen&#8220; \u00a0Mehrere Anti-Atomkraft-Initiativen haben NRW-Ministerpr\u00e4sidentin Hannelore Kraft sowie den vier Fachministern Duin, Remmel, Schulze und L\u00f6hrmann geschrieben, um von der NRW-Landesregierung die L\u00f6sung der gravierenden Probleme im Atombereich einzufordern. Dabei geht es\u2026<\/p>\n<p class=\"continue-reading-button\"> <a class=\"continue-reading-link\" href=\"https:\/\/www.umweltaktivisten.de\/index.php\/2017\/03\/30\/anti-atomkraft-initiativen-schreiben-ministerpraesidentin-kraft\/\">weiter &#8230;<i class=\"crycon-right-dir\"><\/i><\/a><\/p>\n","protected":false},"author":1,"featured_media":2050,"comment_status":"closed","ping_status":"closed","sticky":false,"template":"","format":"standard","meta":{"footnotes":""},"categories":[1,21,32,30],"tags":[153,145,246,104,247],"class_list":["post-2041","post","type-post","status-publish","format-standard","has-post-thumbnail","hentry","category-allgemein","category-atom","category-landtag","category-politik","tag-ahaus","tag-gronau","tag-hannelore-kraft","tag-juelich","tag-nrw-landesregierung"],"yoast_head":"<!-- This site is optimized with the Yoast SEO plugin v27.5 - https:\/\/yoast.com\/product\/yoast-seo-wordpress\/ -->\n<title>Anti-Atomkraft-Initiativen schreiben Ministerpr\u00e4sidentin Kraft - umweltaktivisten.de<\/title>\n<meta name=\"robots\" content=\"index, nofollow, max-snippet:-1, max-image-preview:large, max-video-preview:-1\" \/>\n<link rel=\"canonical\" href=\"https:\/\/www.umweltaktivisten.de\/index.php\/2017\/03\/30\/anti-atomkraft-initiativen-schreiben-ministerpraesidentin-kraft\/\" \/>\n<meta property=\"og:locale\" content=\"de_DE\" \/>\n<meta property=\"og:type\" content=\"article\" \/>\n<meta property=\"og:title\" content=\"Anti-Atomkraft-Initiativen schreiben Ministerpr\u00e4sidentin Kraft - umweltaktivisten.de\" \/>\n<meta property=\"og:description\" content=\"Anti-Atomkraft-Initiativen schreiben Ministerpr\u00e4sidentin Kraft: &#8211; NRW soll f\u00fcr Endlagersuchgesetz Vermittlungsausschuss anrufen &#8211; &#8222;Exporte von Brennelementen und angereichertem Uran stoppen&#8220; \u00a0Mehrere Anti-Atomkraft-Initiativen haben NRW-Ministerpr\u00e4sidentin Hannelore Kraft sowie den vier Fachministern Duin, Remmel, Schulze und L\u00f6hrmann geschrieben, um von der NRW-Landesregierung die L\u00f6sung der gravierenden Probleme im Atombereich einzufordern. Dabei geht es\u2026 weiter ...\" \/>\n<meta property=\"og:url\" content=\"https:\/\/www.umweltaktivisten.de\/index.php\/2017\/03\/30\/anti-atomkraft-initiativen-schreiben-ministerpraesidentin-kraft\/\" \/>\n<meta property=\"og:site_name\" content=\"umweltaktivisten.de\" \/>\n<meta property=\"article:published_time\" content=\"2017-03-30T21:59:50+00:00\" \/>\n<meta property=\"article:modified_time\" content=\"2018-01-30T23:46:39+00:00\" \/>\n<meta property=\"og:image\" content=\"https:\/\/www.umweltaktivisten.de\/wp-content\/uploads\/2017\/03\/Michael-Gaida-architecture-974210_1920-1.jpg\" \/>\n\t<meta property=\"og:image:width\" content=\"300\" \/>\n\t<meta property=\"og:image:height\" content=\"225\" \/>\n\t<meta property=\"og:image:type\" content=\"image\/jpeg\" \/>\n<meta name=\"author\" content=\"marita\" \/>\n<meta name=\"twitter:card\" content=\"summary_large_image\" \/>\n<meta name=\"twitter:label1\" content=\"Verfasst von\" \/>\n\t<meta name=\"twitter:data1\" content=\"marita\" \/>\n\t<meta name=\"twitter:label2\" content=\"Gesch\u00e4tzte Lesezeit\" \/>\n\t<meta name=\"twitter:data2\" content=\"3\u00a0Minuten\" \/>\n<script type=\"application\/ld+json\" class=\"yoast-schema-graph\">{\"@context\":\"https:\\\/\\\/schema.org\",\"@graph\":[{\"@type\":\"Article\",\"@id\":\"https:\\\/\\\/www.umweltaktivisten.de\\\/index.php\\\/2017\\\/03\\\/30\\\/anti-atomkraft-initiativen-schreiben-ministerpraesidentin-kraft\\\/#article\",\"isPartOf\":{\"@id\":\"https:\\\/\\\/www.umweltaktivisten.de\\\/index.php\\\/2017\\\/03\\\/30\\\/anti-atomkraft-initiativen-schreiben-ministerpraesidentin-kraft\\\/\"},\"author\":{\"name\":\"marita\",\"@id\":\"https:\\\/\\\/www.umweltaktivisten.de\\\/#\\\/schema\\\/person\\\/af601319cc34a906612869cf3b4fd51a\"},\"headline\":\"Anti-Atomkraft-Initiativen schreiben Ministerpr\u00e4sidentin Kraft\",\"datePublished\":\"2017-03-30T21:59:50+00:00\",\"dateModified\":\"2018-01-30T23:46:39+00:00\",\"mainEntityOfPage\":{\"@id\":\"https:\\\/\\\/www.umweltaktivisten.de\\\/index.php\\\/2017\\\/03\\\/30\\\/anti-atomkraft-initiativen-schreiben-ministerpraesidentin-kraft\\\/\"},\"wordCount\":684,\"image\":{\"@id\":\"https:\\\/\\\/www.umweltaktivisten.de\\\/index.php\\\/2017\\\/03\\\/30\\\/anti-atomkraft-initiativen-schreiben-ministerpraesidentin-kraft\\\/#primaryimage\"},\"thumbnailUrl\":\"https:\\\/\\\/www.umweltaktivisten.de\\\/wp-content\\\/uploads\\\/2017\\\/03\\\/Michael-Gaida-architecture-974210_1920-1.jpg\",\"keywords\":[\"Ahaus\",\"Gronau\",\"Hannelore Kraft\",\"J\u00fclich\",\"NRW-Landesregierung\"],\"articleSection\":{\"1\":\"Atom\",\"2\":\"Landtag\",\"3\":\"Politik\"},\"inLanguage\":\"de\"},{\"@type\":\"WebPage\",\"@id\":\"https:\\\/\\\/www.umweltaktivisten.de\\\/index.php\\\/2017\\\/03\\\/30\\\/anti-atomkraft-initiativen-schreiben-ministerpraesidentin-kraft\\\/\",\"url\":\"https:\\\/\\\/www.umweltaktivisten.de\\\/index.php\\\/2017\\\/03\\\/30\\\/anti-atomkraft-initiativen-schreiben-ministerpraesidentin-kraft\\\/\",\"name\":\"Anti-Atomkraft-Initiativen schreiben Ministerpr\u00e4sidentin Kraft - umweltaktivisten.de\",\"isPartOf\":{\"@id\":\"https:\\\/\\\/www.umweltaktivisten.de\\\/#website\"},\"primaryImageOfPage\":{\"@id\":\"https:\\\/\\\/www.umweltaktivisten.de\\\/index.php\\\/2017\\\/03\\\/30\\\/anti-atomkraft-initiativen-schreiben-ministerpraesidentin-kraft\\\/#primaryimage\"},\"image\":{\"@id\":\"https:\\\/\\\/www.umweltaktivisten.de\\\/index.php\\\/2017\\\/03\\\/30\\\/anti-atomkraft-initiativen-schreiben-ministerpraesidentin-kraft\\\/#primaryimage\"},\"thumbnailUrl\":\"https:\\\/\\\/www.umweltaktivisten.de\\\/wp-content\\\/uploads\\\/2017\\\/03\\\/Michael-Gaida-architecture-974210_1920-1.jpg\",\"datePublished\":\"2017-03-30T21:59:50+00:00\",\"dateModified\":\"2018-01-30T23:46:39+00:00\",\"author\":{\"@id\":\"https:\\\/\\\/www.umweltaktivisten.de\\\/#\\\/schema\\\/person\\\/af601319cc34a906612869cf3b4fd51a\"},\"breadcrumb\":{\"@id\":\"https:\\\/\\\/www.umweltaktivisten.de\\\/index.php\\\/2017\\\/03\\\/30\\\/anti-atomkraft-initiativen-schreiben-ministerpraesidentin-kraft\\\/#breadcrumb\"},\"inLanguage\":\"de\",\"potentialAction\":[{\"@type\":\"ReadAction\",\"target\":[\"https:\\\/\\\/www.umweltaktivisten.de\\\/index.php\\\/2017\\\/03\\\/30\\\/anti-atomkraft-initiativen-schreiben-ministerpraesidentin-kraft\\\/\"]}]},{\"@type\":\"ImageObject\",\"inLanguage\":\"de\",\"@id\":\"https:\\\/\\\/www.umweltaktivisten.de\\\/index.php\\\/2017\\\/03\\\/30\\\/anti-atomkraft-initiativen-schreiben-ministerpraesidentin-kraft\\\/#primaryimage\",\"url\":\"https:\\\/\\\/www.umweltaktivisten.de\\\/wp-content\\\/uploads\\\/2017\\\/03\\\/Michael-Gaida-architecture-974210_1920-1.jpg\",\"contentUrl\":\"https:\\\/\\\/www.umweltaktivisten.de\\\/wp-content\\\/uploads\\\/2017\\\/03\\\/Michael-Gaida-architecture-974210_1920-1.jpg\",\"width\":300,\"height\":225,\"caption\":\"Foto: Michael Gaida\"},{\"@type\":\"BreadcrumbList\",\"@id\":\"https:\\\/\\\/www.umweltaktivisten.de\\\/index.php\\\/2017\\\/03\\\/30\\\/anti-atomkraft-initiativen-schreiben-ministerpraesidentin-kraft\\\/#breadcrumb\",\"itemListElement\":[{\"@type\":\"ListItem\",\"position\":1,\"name\":\"Home\",\"item\":\"https:\\\/\\\/www.umweltaktivisten.de\\\/\"},{\"@type\":\"ListItem\",\"position\":2,\"name\":\"Anti-Atomkraft-Initiativen schreiben Ministerpr\u00e4sidentin Kraft\"}]},{\"@type\":\"WebSite\",\"@id\":\"https:\\\/\\\/www.umweltaktivisten.de\\\/#website\",\"url\":\"https:\\\/\\\/www.umweltaktivisten.de\\\/\",\"name\":\"umweltaktivisten.de\",\"description\":\"&quot;Wir haben die Erde nur von unseren Kindern geborgt&quot;\",\"potentialAction\":[{\"@type\":\"SearchAction\",\"target\":{\"@type\":\"EntryPoint\",\"urlTemplate\":\"https:\\\/\\\/www.umweltaktivisten.de\\\/?s={search_term_string}\"},\"query-input\":{\"@type\":\"PropertyValueSpecification\",\"valueRequired\":true,\"valueName\":\"search_term_string\"}}],\"inLanguage\":\"de\"},{\"@type\":\"Person\",\"@id\":\"https:\\\/\\\/www.umweltaktivisten.de\\\/#\\\/schema\\\/person\\\/af601319cc34a906612869cf3b4fd51a\",\"name\":\"marita\",\"url\":\"https:\\\/\\\/www.umweltaktivisten.de\\\/author\\\/marita\\\/\"}]}<\/script>\n<!-- \/ Yoast SEO plugin. -->","yoast_head_json":{"title":"Anti-Atomkraft-Initiativen schreiben Ministerpr\u00e4sidentin Kraft - umweltaktivisten.de","robots":{"index":"index","follow":"nofollow","max-snippet":"max-snippet:-1","max-image-preview":"max-image-preview:large","max-video-preview":"max-video-preview:-1"},"canonical":"https:\/\/www.umweltaktivisten.de\/index.php\/2017\/03\/30\/anti-atomkraft-initiativen-schreiben-ministerpraesidentin-kraft\/","og_locale":"de_DE","og_type":"article","og_title":"Anti-Atomkraft-Initiativen schreiben Ministerpr\u00e4sidentin Kraft - umweltaktivisten.de","og_description":"Anti-Atomkraft-Initiativen schreiben Ministerpr\u00e4sidentin Kraft: &#8211; NRW soll f\u00fcr Endlagersuchgesetz Vermittlungsausschuss anrufen &#8211; &#8222;Exporte von Brennelementen und angereichertem Uran stoppen&#8220; \u00a0Mehrere Anti-Atomkraft-Initiativen haben NRW-Ministerpr\u00e4sidentin Hannelore Kraft sowie den vier Fachministern Duin, Remmel, Schulze und L\u00f6hrmann geschrieben, um von der NRW-Landesregierung die L\u00f6sung der gravierenden Probleme im Atombereich einzufordern. Dabei geht es\u2026 weiter ...","og_url":"https:\/\/www.umweltaktivisten.de\/index.php\/2017\/03\/30\/anti-atomkraft-initiativen-schreiben-ministerpraesidentin-kraft\/","og_site_name":"umweltaktivisten.de","article_published_time":"2017-03-30T21:59:50+00:00","article_modified_time":"2018-01-30T23:46:39+00:00","og_image":[{"width":300,"height":225,"url":"https:\/\/www.umweltaktivisten.de\/wp-content\/uploads\/2017\/03\/Michael-Gaida-architecture-974210_1920-1.jpg","type":"image\/jpeg"}],"author":"marita","twitter_card":"summary_large_image","twitter_misc":{"Verfasst von":"marita","Gesch\u00e4tzte Lesezeit":"3\u00a0Minuten"},"schema":{"@context":"https:\/\/schema.org","@graph":[{"@type":"Article","@id":"https:\/\/www.umweltaktivisten.de\/index.php\/2017\/03\/30\/anti-atomkraft-initiativen-schreiben-ministerpraesidentin-kraft\/#article","isPartOf":{"@id":"https:\/\/www.umweltaktivisten.de\/index.php\/2017\/03\/30\/anti-atomkraft-initiativen-schreiben-ministerpraesidentin-kraft\/"},"author":{"name":"marita","@id":"https:\/\/www.umweltaktivisten.de\/#\/schema\/person\/af601319cc34a906612869cf3b4fd51a"},"headline":"Anti-Atomkraft-Initiativen schreiben Ministerpr\u00e4sidentin Kraft","datePublished":"2017-03-30T21:59:50+00:00","dateModified":"2018-01-30T23:46:39+00:00","mainEntityOfPage":{"@id":"https:\/\/www.umweltaktivisten.de\/index.php\/2017\/03\/30\/anti-atomkraft-initiativen-schreiben-ministerpraesidentin-kraft\/"},"wordCount":684,"image":{"@id":"https:\/\/www.umweltaktivisten.de\/index.php\/2017\/03\/30\/anti-atomkraft-initiativen-schreiben-ministerpraesidentin-kraft\/#primaryimage"},"thumbnailUrl":"https:\/\/www.umweltaktivisten.de\/wp-content\/uploads\/2017\/03\/Michael-Gaida-architecture-974210_1920-1.jpg","keywords":["Ahaus","Gronau","Hannelore Kraft","J\u00fclich","NRW-Landesregierung"],"articleSection":{"1":"Atom","2":"Landtag","3":"Politik"},"inLanguage":"de"},{"@type":"WebPage","@id":"https:\/\/www.umweltaktivisten.de\/index.php\/2017\/03\/30\/anti-atomkraft-initiativen-schreiben-ministerpraesidentin-kraft\/","url":"https:\/\/www.umweltaktivisten.de\/index.php\/2017\/03\/30\/anti-atomkraft-initiativen-schreiben-ministerpraesidentin-kraft\/","name":"Anti-Atomkraft-Initiativen schreiben Ministerpr\u00e4sidentin Kraft - umweltaktivisten.de","isPartOf":{"@id":"https:\/\/www.umweltaktivisten.de\/#website"},"primaryImageOfPage":{"@id":"https:\/\/www.umweltaktivisten.de\/index.php\/2017\/03\/30\/anti-atomkraft-initiativen-schreiben-ministerpraesidentin-kraft\/#primaryimage"},"image":{"@id":"https:\/\/www.umweltaktivisten.de\/index.php\/2017\/03\/30\/anti-atomkraft-initiativen-schreiben-ministerpraesidentin-kraft\/#primaryimage"},"thumbnailUrl":"https:\/\/www.umweltaktivisten.de\/wp-content\/uploads\/2017\/03\/Michael-Gaida-architecture-974210_1920-1.jpg","datePublished":"2017-03-30T21:59:50+00:00","dateModified":"2018-01-30T23:46:39+00:00","author":{"@id":"https:\/\/www.umweltaktivisten.de\/#\/schema\/person\/af601319cc34a906612869cf3b4fd51a"},"breadcrumb":{"@id":"https:\/\/www.umweltaktivisten.de\/index.php\/2017\/03\/30\/anti-atomkraft-initiativen-schreiben-ministerpraesidentin-kraft\/#breadcrumb"},"inLanguage":"de","potentialAction":[{"@type":"ReadAction","target":["https:\/\/www.umweltaktivisten.de\/index.php\/2017\/03\/30\/anti-atomkraft-initiativen-schreiben-ministerpraesidentin-kraft\/"]}]},{"@type":"ImageObject","inLanguage":"de","@id":"https:\/\/www.umweltaktivisten.de\/index.php\/2017\/03\/30\/anti-atomkraft-initiativen-schreiben-ministerpraesidentin-kraft\/#primaryimage","url":"https:\/\/www.umweltaktivisten.de\/wp-content\/uploads\/2017\/03\/Michael-Gaida-architecture-974210_1920-1.jpg","contentUrl":"https:\/\/www.umweltaktivisten.de\/wp-content\/uploads\/2017\/03\/Michael-Gaida-architecture-974210_1920-1.jpg","width":300,"height":225,"caption":"Foto: Michael Gaida"},{"@type":"BreadcrumbList","@id":"https:\/\/www.umweltaktivisten.de\/index.php\/2017\/03\/30\/anti-atomkraft-initiativen-schreiben-ministerpraesidentin-kraft\/#breadcrumb","itemListElement":[{"@type":"ListItem","position":1,"name":"Home","item":"https:\/\/www.umweltaktivisten.de\/"},{"@type":"ListItem","position":2,"name":"Anti-Atomkraft-Initiativen schreiben Ministerpr\u00e4sidentin Kraft"}]},{"@type":"WebSite","@id":"https:\/\/www.umweltaktivisten.de\/#website","url":"https:\/\/www.umweltaktivisten.de\/","name":"umweltaktivisten.de","description":"&quot;Wir haben die Erde nur von unseren Kindern geborgt&quot;","potentialAction":[{"@type":"SearchAction","target":{"@type":"EntryPoint","urlTemplate":"https:\/\/www.umweltaktivisten.de\/?s={search_term_string}"},"query-input":{"@type":"PropertyValueSpecification","valueRequired":true,"valueName":"search_term_string"}}],"inLanguage":"de"},{"@type":"Person","@id":"https:\/\/www.umweltaktivisten.de\/#\/schema\/person\/af601319cc34a906612869cf3b4fd51a","name":"marita","url":"https:\/\/www.umweltaktivisten.de\/author\/marita\/"}]}},"_links":{"self":[{"href":"https:\/\/www.umweltaktivisten.de\/index.php\/wp-json\/wp\/v2\/posts\/2041","targetHints":{"allow":["GET"]}}],"collection":[{"href":"https:\/\/www.umweltaktivisten.de\/index.php\/wp-json\/wp\/v2\/posts"}],"about":[{"href":"https:\/\/www.umweltaktivisten.de\/index.php\/wp-json\/wp\/v2\/types\/post"}],"author":[{"embeddable":true,"href":"https:\/\/www.umweltaktivisten.de\/index.php\/wp-json\/wp\/v2\/users\/1"}],"replies":[{"embeddable":true,"href":"https:\/\/www.umweltaktivisten.de\/index.php\/wp-json\/wp\/v2\/comments?post=2041"}],"version-history":[{"count":13,"href":"https:\/\/www.umweltaktivisten.de\/index.php\/wp-json\/wp\/v2\/posts\/2041\/revisions"}],"predecessor-version":[{"id":2496,"href":"https:\/\/www.umweltaktivisten.de\/index.php\/wp-json\/wp\/v2\/posts\/2041\/revisions\/2496"}],"wp:featuredmedia":[{"embeddable":true,"href":"https:\/\/www.umweltaktivisten.de\/index.php\/wp-json\/wp\/v2\/media\/2050"}],"wp:attachment":[{"href":"https:\/\/www.umweltaktivisten.de\/index.php\/wp-json\/wp\/v2\/media?parent=2041"}],"wp:term":[{"taxonomy":"category","embeddable":true,"href":"https:\/\/www.umweltaktivisten.de\/index.php\/wp-json\/wp\/v2\/categories?post=2041"},{"taxonomy":"post_tag","embeddable":true,"href":"https:\/\/www.umweltaktivisten.de\/index.php\/wp-json\/wp\/v2\/tags?post=2041"}],"curies":[{"name":"wp","href":"https:\/\/api.w.org\/{rel}","templated":true}]}}