{"id":1765,"date":"2017-01-27T23:34:33","date_gmt":"2017-01-27T22:34:33","guid":{"rendered":"http:\/\/www.umweltaktivisten.de\/?p=1765"},"modified":"2017-11-01T22:31:12","modified_gmt":"2017-11-01T21:31:12","slug":"14-mythen-zu-fracking-in-deutschland-2","status":"publish","type":"post","link":"https:\/\/www.umweltaktivisten.de\/index.php\/2017\/01\/27\/14-mythen-zu-fracking-in-deutschland-2\/","title":{"rendered":"14 Mythen zu Fracking in Deutschland"},"content":{"rendered":"<p><img loading=\"lazy\" decoding=\"async\" class=\"wp-image-812 size-full alignright\" src=\"https:\/\/www.umweltaktivisten.de\/wp-content\/uploads\/2015\/09\/2_Hand_Stop_fracking-150x150.jpg\" alt=\"2_Hand_Stop_fracking-150x150\" width=\"150\" height=\"150\" \/><\/p>\n<p>Volker H.A. Fritz<br \/>\n(Dipl.-Ing.)<br \/>\nim Arbeitskreis Fracking<br \/>\nMitglied im Zusammenschluss<br \/>\n\u201eGegen Gasbohren\u201c<\/p>\n<p>&nbsp;<\/p>\n<p>In der Diskussion \u00fcber die eventuelle Zulassung der Fracking-Technik in Deutschland zur F\u00f6rderung von Kohlenwasserstoffen und \/oder anderer Sonderverfahren \u00e4hnlicher Art, werden immer wieder Mythen eingebracht und dann als weitere Gespr\u00e4chsgrundlage verwendet.<\/p>\n<p>Die verwendeten verbreiteten Argumente erscheinen dem unvorbereiteten B\u00fcrger logisch und schl\u00fcssig. Doch zeigt sich bei n\u00e4herer Untersuchung, dass sie kritisch zu bewerten sind. Die Vielzahl der einzusetzenden Verfahrensschritte und der dabei anfallenden Begleit- und Folgeerscheinungen machen es den B\u00fcrgern, aber auch den Politikern und den Medien schwer, den Gesamtprozess zu \u00fcberblicken.<\/p>\n<p>Im Rahmen unserer umfangreichen Recherchen, um selbst die Vorg\u00e4nge erst einmal zu verstehen und tiefer in die Hintergr\u00fcnde einzudringen, haben wir in der Zeit seit M\u00e4rz 2012 bis heute manche \u00fcberraschende Entdeckung machen und f\u00fcr die \u00d6ffentlichkeit neue Informationen sammeln k\u00f6nnen.<\/p>\n<p>Zu den 14 h\u00e4ufig verwendeten Mythen der Energie-Lobby haben wir Stellungnahmen erarbeitet. Die in der Anlage aufgef\u00fchrten und kommentierten Mythen sind nicht die einzigen, jedoch wegen der H\u00e4ufigkeit der Verwendung von uns ausgew\u00e4hlt worden.<\/p>\n<p>Autor: <strong>Volker Fritz<\/strong> (Arbeitskreis Fracking Braunschweiger Land)<\/p>\n<h5>Anlage: <a href=\"https:\/\/www.umweltaktivisten.de\/wp-content\/uploads\/2017\/01\/14-Mythen-zu-Fracking-und-Kommentare-dazu-4-15-Stand-11.01.17VF.pdf\" target=\"_blank\" rel=\"noopener\">14 Mythen zu Fracking und Kommentare dazu-4-15 Stand 11.01.1<\/a><\/h5>\n<p>&nbsp;<\/p>\n<p>Sollten Sie den Wunsch haben, sich eingehender zum Thema \u201eFracking\u201c zu informieren, empfehle ich Ihnen unsere Informationsbrosch\u00fcre \u201eFracking \u2013 Umstrittenes Verfahren zur Gewinnung von Erdgas\u201c (<a href=\"http:\/\/www.ak-fracking.de\/\" target=\"_blank\" rel=\"noopener\">www.ak-fracking.de<\/a>). Auch auf der Homepage unseres Zusammenschlusses \u201eGegen Gasbohren\u201c <a href=\"http:\/\/www.gegen-gasbohren.de\" target=\"_blank\" rel=\"noopener\">www.gegen-gasbohren.de <\/a>finden Sie vielerlei Informationen.<\/p>\n<p><img loading=\"lazy\" decoding=\"async\" class=\"alignnone wp-image-1678\" src=\"https:\/\/www.umweltaktivisten.de\/wp-content\/uploads\/2016\/11\/Marem_Fotolia_63770680_S.jpg\" alt=\"\u00a9Marem\/fotolia\" width=\"416\" height=\"270\" srcset=\"https:\/\/www.umweltaktivisten.de\/wp-content\/uploads\/2016\/11\/Marem_Fotolia_63770680_S.jpg 861w, https:\/\/www.umweltaktivisten.de\/wp-content\/uploads\/2016\/11\/Marem_Fotolia_63770680_S-300x194.jpg 300w, https:\/\/www.umweltaktivisten.de\/wp-content\/uploads\/2016\/11\/Marem_Fotolia_63770680_S-150x97.jpg 150w\" sizes=\"auto, (max-width: 416px) 100vw, 416px\" \/><\/p>\n<p class=\"wp-caption-text\">\u00a9Marem\/fotolia<\/p>\n","protected":false},"excerpt":{"rendered":"<p>Volker H.A. Fritz (Dipl.-Ing.) im Arbeitskreis Fracking Mitglied im Zusammenschluss \u201eGegen Gasbohren\u201c &nbsp; In der Diskussion \u00fcber die eventuelle Zulassung der Fracking-Technik in Deutschland zur F\u00f6rderung von Kohlenwasserstoffen und \/oder anderer Sonderverfahren \u00e4hnlicher Art, werden immer wieder Mythen eingebracht und dann als weitere Gespr\u00e4chsgrundlage verwendet. Die verwendeten verbreiteten Argumente erscheinen\u2026<\/p>\n<p class=\"continue-reading-button\"> <a class=\"continue-reading-link\" href=\"https:\/\/www.umweltaktivisten.de\/index.php\/2017\/01\/27\/14-mythen-zu-fracking-in-deutschland-2\/\">weiter &#8230;<i class=\"crycon-right-dir\"><\/i><\/a><\/p>\n","protected":false},"author":1,"featured_media":1685,"comment_status":"closed","ping_status":"closed","sticky":false,"template":"","format":"standard","meta":{"footnotes":""},"categories":[1,19,11],"tags":[237,230,90,204,236],"class_list":["post-1765","post","type-post","status-publish","format-standard","has-post-thumbnail","hentry","category-allgemein","category-fracking","category-inofrack","tag-ak-fracking-braunschweiger-land","tag-arbeitskreis-fracking-braunschweiger-land","tag-fracking","tag-gegen-gasbohren","tag-volker-fritz"],"yoast_head":"<!-- This site is optimized with the Yoast SEO plugin v27.5 - https:\/\/yoast.com\/product\/yoast-seo-wordpress\/ -->\n<title>14 Mythen zu Fracking in Deutschland mit Kommentaren<\/title>\n<meta name=\"description\" content=\"14 Mythen zu Fracking in Deutschland mit Kommentaren\" \/>\n<meta name=\"robots\" content=\"index, nofollow, max-snippet:-1, max-image-preview:large, max-video-preview:-1\" \/>\n<link rel=\"canonical\" href=\"https:\/\/www.umweltaktivisten.de\/index.php\/2017\/01\/27\/14-mythen-zu-fracking-in-deutschland-2\/\" \/>\n<meta property=\"og:locale\" content=\"de_DE\" \/>\n<meta property=\"og:type\" content=\"article\" \/>\n<meta property=\"og:title\" content=\"14 Mythen zu Fracking in Deutschland mit Kommentaren\" \/>\n<meta property=\"og:description\" content=\"14 Mythen zu Fracking in Deutschland mit Kommentaren\" \/>\n<meta property=\"og:url\" content=\"https:\/\/www.umweltaktivisten.de\/index.php\/2017\/01\/27\/14-mythen-zu-fracking-in-deutschland-2\/\" \/>\n<meta property=\"og:site_name\" content=\"umweltaktivisten.de\" \/>\n<meta property=\"article:published_time\" content=\"2017-01-27T22:34:33+00:00\" \/>\n<meta property=\"article:modified_time\" content=\"2017-11-01T21:31:12+00:00\" \/>\n<meta property=\"og:image\" content=\"https:\/\/www.umweltaktivisten.de\/wp-content\/uploads\/2016\/11\/Marem_Fotolia_63770680_S.png\" \/>\n\t<meta property=\"og:image:width\" content=\"290\" \/>\n\t<meta property=\"og:image:height\" content=\"188\" \/>\n\t<meta property=\"og:image:type\" content=\"image\/png\" \/>\n<meta name=\"author\" content=\"marita\" \/>\n<meta name=\"twitter:card\" content=\"summary_large_image\" \/>\n<meta name=\"twitter:label1\" content=\"Verfasst von\" \/>\n\t<meta name=\"twitter:data1\" content=\"marita\" \/>\n\t<meta name=\"twitter:label2\" content=\"Gesch\u00e4tzte Lesezeit\" \/>\n\t<meta name=\"twitter:data2\" content=\"1\u00a0Minute\" \/>\n<script type=\"application\/ld+json\" class=\"yoast-schema-graph\">{\"@context\":\"https:\\\/\\\/schema.org\",\"@graph\":[{\"@type\":\"Article\",\"@id\":\"https:\\\/\\\/www.umweltaktivisten.de\\\/index.php\\\/2017\\\/01\\\/27\\\/14-mythen-zu-fracking-in-deutschland-2\\\/#article\",\"isPartOf\":{\"@id\":\"https:\\\/\\\/www.umweltaktivisten.de\\\/index.php\\\/2017\\\/01\\\/27\\\/14-mythen-zu-fracking-in-deutschland-2\\\/\"},\"author\":{\"name\":\"marita\",\"@id\":\"https:\\\/\\\/www.umweltaktivisten.de\\\/#\\\/schema\\\/person\\\/af601319cc34a906612869cf3b4fd51a\"},\"headline\":\"14 Mythen zu Fracking in Deutschland\",\"datePublished\":\"2017-01-27T22:34:33+00:00\",\"dateModified\":\"2017-11-01T21:31:12+00:00\",\"mainEntityOfPage\":{\"@id\":\"https:\\\/\\\/www.umweltaktivisten.de\\\/index.php\\\/2017\\\/01\\\/27\\\/14-mythen-zu-fracking-in-deutschland-2\\\/\"},\"wordCount\":253,\"image\":{\"@id\":\"https:\\\/\\\/www.umweltaktivisten.de\\\/index.php\\\/2017\\\/01\\\/27\\\/14-mythen-zu-fracking-in-deutschland-2\\\/#primaryimage\"},\"thumbnailUrl\":\"https:\\\/\\\/www.umweltaktivisten.de\\\/wp-content\\\/uploads\\\/2016\\\/11\\\/Marem_Fotolia_63770680_S.png\",\"keywords\":[\"AK Fracking Braunschweiger Land\",\"Arbeitskreis Fracking Braunschweiger Land\",\"Fracking\",\"Gegen Gasbohren\",\"Volker Fritz\"],\"articleSection\":{\"1\":\"Fracking\",\"2\":\"inofrack\"},\"inLanguage\":\"de\"},{\"@type\":\"WebPage\",\"@id\":\"https:\\\/\\\/www.umweltaktivisten.de\\\/index.php\\\/2017\\\/01\\\/27\\\/14-mythen-zu-fracking-in-deutschland-2\\\/\",\"url\":\"https:\\\/\\\/www.umweltaktivisten.de\\\/index.php\\\/2017\\\/01\\\/27\\\/14-mythen-zu-fracking-in-deutschland-2\\\/\",\"name\":\"14 Mythen zu Fracking in Deutschland mit Kommentaren\",\"isPartOf\":{\"@id\":\"https:\\\/\\\/www.umweltaktivisten.de\\\/#website\"},\"primaryImageOfPage\":{\"@id\":\"https:\\\/\\\/www.umweltaktivisten.de\\\/index.php\\\/2017\\\/01\\\/27\\\/14-mythen-zu-fracking-in-deutschland-2\\\/#primaryimage\"},\"image\":{\"@id\":\"https:\\\/\\\/www.umweltaktivisten.de\\\/index.php\\\/2017\\\/01\\\/27\\\/14-mythen-zu-fracking-in-deutschland-2\\\/#primaryimage\"},\"thumbnailUrl\":\"https:\\\/\\\/www.umweltaktivisten.de\\\/wp-content\\\/uploads\\\/2016\\\/11\\\/Marem_Fotolia_63770680_S.png\",\"datePublished\":\"2017-01-27T22:34:33+00:00\",\"dateModified\":\"2017-11-01T21:31:12+00:00\",\"author\":{\"@id\":\"https:\\\/\\\/www.umweltaktivisten.de\\\/#\\\/schema\\\/person\\\/af601319cc34a906612869cf3b4fd51a\"},\"description\":\"14 Mythen zu Fracking in Deutschland mit Kommentaren\",\"breadcrumb\":{\"@id\":\"https:\\\/\\\/www.umweltaktivisten.de\\\/index.php\\\/2017\\\/01\\\/27\\\/14-mythen-zu-fracking-in-deutschland-2\\\/#breadcrumb\"},\"inLanguage\":\"de\",\"potentialAction\":[{\"@type\":\"ReadAction\",\"target\":[\"https:\\\/\\\/www.umweltaktivisten.de\\\/index.php\\\/2017\\\/01\\\/27\\\/14-mythen-zu-fracking-in-deutschland-2\\\/\"]}]},{\"@type\":\"ImageObject\",\"inLanguage\":\"de\",\"@id\":\"https:\\\/\\\/www.umweltaktivisten.de\\\/index.php\\\/2017\\\/01\\\/27\\\/14-mythen-zu-fracking-in-deutschland-2\\\/#primaryimage\",\"url\":\"https:\\\/\\\/www.umweltaktivisten.de\\\/wp-content\\\/uploads\\\/2016\\\/11\\\/Marem_Fotolia_63770680_S.png\",\"contentUrl\":\"https:\\\/\\\/www.umweltaktivisten.de\\\/wp-content\\\/uploads\\\/2016\\\/11\\\/Marem_Fotolia_63770680_S.png\",\"width\":290,\"height\":188,\"caption\":\"\u00a9Marem\\\/fotolia\"},{\"@type\":\"BreadcrumbList\",\"@id\":\"https:\\\/\\\/www.umweltaktivisten.de\\\/index.php\\\/2017\\\/01\\\/27\\\/14-mythen-zu-fracking-in-deutschland-2\\\/#breadcrumb\",\"itemListElement\":[{\"@type\":\"ListItem\",\"position\":1,\"name\":\"Home\",\"item\":\"https:\\\/\\\/www.umweltaktivisten.de\\\/\"},{\"@type\":\"ListItem\",\"position\":2,\"name\":\"14 Mythen zu Fracking in Deutschland\"}]},{\"@type\":\"WebSite\",\"@id\":\"https:\\\/\\\/www.umweltaktivisten.de\\\/#website\",\"url\":\"https:\\\/\\\/www.umweltaktivisten.de\\\/\",\"name\":\"umweltaktivisten.de\",\"description\":\"&quot;Wir haben die Erde nur von unseren Kindern geborgt&quot;\",\"potentialAction\":[{\"@type\":\"SearchAction\",\"target\":{\"@type\":\"EntryPoint\",\"urlTemplate\":\"https:\\\/\\\/www.umweltaktivisten.de\\\/?s={search_term_string}\"},\"query-input\":{\"@type\":\"PropertyValueSpecification\",\"valueRequired\":true,\"valueName\":\"search_term_string\"}}],\"inLanguage\":\"de\"},{\"@type\":\"Person\",\"@id\":\"https:\\\/\\\/www.umweltaktivisten.de\\\/#\\\/schema\\\/person\\\/af601319cc34a906612869cf3b4fd51a\",\"name\":\"marita\",\"url\":\"https:\\\/\\\/www.umweltaktivisten.de\\\/author\\\/marita\\\/\"}]}<\/script>\n<!-- \/ Yoast SEO plugin. -->","yoast_head_json":{"title":"14 Mythen zu Fracking in Deutschland mit Kommentaren","description":"14 Mythen zu Fracking in Deutschland mit Kommentaren","robots":{"index":"index","follow":"nofollow","max-snippet":"max-snippet:-1","max-image-preview":"max-image-preview:large","max-video-preview":"max-video-preview:-1"},"canonical":"https:\/\/www.umweltaktivisten.de\/index.php\/2017\/01\/27\/14-mythen-zu-fracking-in-deutschland-2\/","og_locale":"de_DE","og_type":"article","og_title":"14 Mythen zu Fracking in Deutschland mit Kommentaren","og_description":"14 Mythen zu Fracking in Deutschland mit Kommentaren","og_url":"https:\/\/www.umweltaktivisten.de\/index.php\/2017\/01\/27\/14-mythen-zu-fracking-in-deutschland-2\/","og_site_name":"umweltaktivisten.de","article_published_time":"2017-01-27T22:34:33+00:00","article_modified_time":"2017-11-01T21:31:12+00:00","og_image":[{"width":290,"height":188,"url":"https:\/\/www.umweltaktivisten.de\/wp-content\/uploads\/2016\/11\/Marem_Fotolia_63770680_S.png","type":"image\/png"}],"author":"marita","twitter_card":"summary_large_image","twitter_misc":{"Verfasst von":"marita","Gesch\u00e4tzte Lesezeit":"1\u00a0Minute"},"schema":{"@context":"https:\/\/schema.org","@graph":[{"@type":"Article","@id":"https:\/\/www.umweltaktivisten.de\/index.php\/2017\/01\/27\/14-mythen-zu-fracking-in-deutschland-2\/#article","isPartOf":{"@id":"https:\/\/www.umweltaktivisten.de\/index.php\/2017\/01\/27\/14-mythen-zu-fracking-in-deutschland-2\/"},"author":{"name":"marita","@id":"https:\/\/www.umweltaktivisten.de\/#\/schema\/person\/af601319cc34a906612869cf3b4fd51a"},"headline":"14 Mythen zu Fracking in Deutschland","datePublished":"2017-01-27T22:34:33+00:00","dateModified":"2017-11-01T21:31:12+00:00","mainEntityOfPage":{"@id":"https:\/\/www.umweltaktivisten.de\/index.php\/2017\/01\/27\/14-mythen-zu-fracking-in-deutschland-2\/"},"wordCount":253,"image":{"@id":"https:\/\/www.umweltaktivisten.de\/index.php\/2017\/01\/27\/14-mythen-zu-fracking-in-deutschland-2\/#primaryimage"},"thumbnailUrl":"https:\/\/www.umweltaktivisten.de\/wp-content\/uploads\/2016\/11\/Marem_Fotolia_63770680_S.png","keywords":["AK Fracking Braunschweiger Land","Arbeitskreis Fracking Braunschweiger Land","Fracking","Gegen Gasbohren","Volker Fritz"],"articleSection":{"1":"Fracking","2":"inofrack"},"inLanguage":"de"},{"@type":"WebPage","@id":"https:\/\/www.umweltaktivisten.de\/index.php\/2017\/01\/27\/14-mythen-zu-fracking-in-deutschland-2\/","url":"https:\/\/www.umweltaktivisten.de\/index.php\/2017\/01\/27\/14-mythen-zu-fracking-in-deutschland-2\/","name":"14 Mythen zu Fracking in Deutschland mit Kommentaren","isPartOf":{"@id":"https:\/\/www.umweltaktivisten.de\/#website"},"primaryImageOfPage":{"@id":"https:\/\/www.umweltaktivisten.de\/index.php\/2017\/01\/27\/14-mythen-zu-fracking-in-deutschland-2\/#primaryimage"},"image":{"@id":"https:\/\/www.umweltaktivisten.de\/index.php\/2017\/01\/27\/14-mythen-zu-fracking-in-deutschland-2\/#primaryimage"},"thumbnailUrl":"https:\/\/www.umweltaktivisten.de\/wp-content\/uploads\/2016\/11\/Marem_Fotolia_63770680_S.png","datePublished":"2017-01-27T22:34:33+00:00","dateModified":"2017-11-01T21:31:12+00:00","author":{"@id":"https:\/\/www.umweltaktivisten.de\/#\/schema\/person\/af601319cc34a906612869cf3b4fd51a"},"description":"14 Mythen zu Fracking in Deutschland mit Kommentaren","breadcrumb":{"@id":"https:\/\/www.umweltaktivisten.de\/index.php\/2017\/01\/27\/14-mythen-zu-fracking-in-deutschland-2\/#breadcrumb"},"inLanguage":"de","potentialAction":[{"@type":"ReadAction","target":["https:\/\/www.umweltaktivisten.de\/index.php\/2017\/01\/27\/14-mythen-zu-fracking-in-deutschland-2\/"]}]},{"@type":"ImageObject","inLanguage":"de","@id":"https:\/\/www.umweltaktivisten.de\/index.php\/2017\/01\/27\/14-mythen-zu-fracking-in-deutschland-2\/#primaryimage","url":"https:\/\/www.umweltaktivisten.de\/wp-content\/uploads\/2016\/11\/Marem_Fotolia_63770680_S.png","contentUrl":"https:\/\/www.umweltaktivisten.de\/wp-content\/uploads\/2016\/11\/Marem_Fotolia_63770680_S.png","width":290,"height":188,"caption":"\u00a9Marem\/fotolia"},{"@type":"BreadcrumbList","@id":"https:\/\/www.umweltaktivisten.de\/index.php\/2017\/01\/27\/14-mythen-zu-fracking-in-deutschland-2\/#breadcrumb","itemListElement":[{"@type":"ListItem","position":1,"name":"Home","item":"https:\/\/www.umweltaktivisten.de\/"},{"@type":"ListItem","position":2,"name":"14 Mythen zu Fracking in Deutschland"}]},{"@type":"WebSite","@id":"https:\/\/www.umweltaktivisten.de\/#website","url":"https:\/\/www.umweltaktivisten.de\/","name":"umweltaktivisten.de","description":"&quot;Wir haben die Erde nur von unseren Kindern geborgt&quot;","potentialAction":[{"@type":"SearchAction","target":{"@type":"EntryPoint","urlTemplate":"https:\/\/www.umweltaktivisten.de\/?s={search_term_string}"},"query-input":{"@type":"PropertyValueSpecification","valueRequired":true,"valueName":"search_term_string"}}],"inLanguage":"de"},{"@type":"Person","@id":"https:\/\/www.umweltaktivisten.de\/#\/schema\/person\/af601319cc34a906612869cf3b4fd51a","name":"marita","url":"https:\/\/www.umweltaktivisten.de\/author\/marita\/"}]}},"_links":{"self":[{"href":"https:\/\/www.umweltaktivisten.de\/index.php\/wp-json\/wp\/v2\/posts\/1765","targetHints":{"allow":["GET"]}}],"collection":[{"href":"https:\/\/www.umweltaktivisten.de\/index.php\/wp-json\/wp\/v2\/posts"}],"about":[{"href":"https:\/\/www.umweltaktivisten.de\/index.php\/wp-json\/wp\/v2\/types\/post"}],"author":[{"embeddable":true,"href":"https:\/\/www.umweltaktivisten.de\/index.php\/wp-json\/wp\/v2\/users\/1"}],"replies":[{"embeddable":true,"href":"https:\/\/www.umweltaktivisten.de\/index.php\/wp-json\/wp\/v2\/comments?post=1765"}],"version-history":[{"count":3,"href":"https:\/\/www.umweltaktivisten.de\/index.php\/wp-json\/wp\/v2\/posts\/1765\/revisions"}],"predecessor-version":[{"id":2426,"href":"https:\/\/www.umweltaktivisten.de\/index.php\/wp-json\/wp\/v2\/posts\/1765\/revisions\/2426"}],"wp:featuredmedia":[{"embeddable":true,"href":"https:\/\/www.umweltaktivisten.de\/index.php\/wp-json\/wp\/v2\/media\/1685"}],"wp:attachment":[{"href":"https:\/\/www.umweltaktivisten.de\/index.php\/wp-json\/wp\/v2\/media?parent=1765"}],"wp:term":[{"taxonomy":"category","embeddable":true,"href":"https:\/\/www.umweltaktivisten.de\/index.php\/wp-json\/wp\/v2\/categories?post=1765"},{"taxonomy":"post_tag","embeddable":true,"href":"https:\/\/www.umweltaktivisten.de\/index.php\/wp-json\/wp\/v2\/tags?post=1765"}],"curies":[{"name":"wp","href":"https:\/\/api.w.org\/{rel}","templated":true}]}}