{"id":1714,"date":"2016-12-20T21:01:04","date_gmt":"2016-12-20T20:01:04","guid":{"rendered":"http:\/\/www.umweltaktivisten.de\/?p=1714"},"modified":"2017-03-30T06:34:00","modified_gmt":"2017-03-30T04:34:00","slug":"atomabkommen-mit-belgien-ist-augenwischerei","status":"publish","type":"post","link":"https:\/\/www.umweltaktivisten.de\/index.php\/2016\/12\/20\/atomabkommen-mit-belgien-ist-augenwischerei\/","title":{"rendered":"Atomabkommen mit Belgien ist &#8222;Augenwischerei&#8220;"},"content":{"rendered":"<p><img loading=\"lazy\" decoding=\"async\" class=\"alignleft wp-image-1289 size-full\" src=\"https:\/\/www.umweltaktivisten.de\/wp-content\/uploads\/2016\/07\/BBU.png\" alt=\"BBU\" width=\"197\" height=\"198\" \/><\/p>\n<h5>&#8222;Ministerin Hendricks muss Uranlieferungen aus Deutschland stoppen&#8220;<\/h5>\n<h5>Urananreicherung Gronau und Brennelementefabrik Lingen betroffen<\/h5>\n<p>&nbsp;<\/p>\n<p>Der Bundesverband B\u00fcrgerinitiativen Umweltschutz (BBU) und mehrere Anti-Atomkraft-Initiativen aus dem M\u00fcnsterland und dem westlichen Niedersachsen kritisieren das Atomabkommen (vom 19. Dezember 2016) zwischen Bundesumweltministerin Hendricks und der belgischen Atomaufsicht. Sie halten das Abkommen f\u00fcr Augenwischerei, weil es selbst nach dem Eingest\u00e4ndnis der Ministerin keine erh\u00f6hte Sicherheit bringt.<\/p>\n<p>Stattdessen fordern der BBU und die Anti-Atomkraft-Initiativen von Ministerin Hendricks, umgehend ihre eigene Beteiligung am Betrieb der belgischen Schrottreaktoren Tihange und Doel einzustellen: So werden <a href=\"http:\/\/www.cheap-raybans-sunglasses.com\/\" target=\"_blank\" rel=\"noopener\">ray ban sunglasses<\/a> noch immer angereichertes Uran aus NRW sowie Brennelemente aus Niedersachsen nach Belgien geliefert <a href=\"http:\/\/www.cheapjerseys-nfl.com\/\" target=\"_blank\" rel=\"noopener\">Wholesale Jerseys<\/a> und sind dort erheblich f\u00fcr <a href=\"http:\/\/tomscustomturkeycalls.com\/tom-21\/\" target=\"_blank\" rel=\"noopener\">Tom<\/a> den Weiterbetrieb der AKWs mitverantwortlich. Der franz\u00f6sische Atomkonzern <a href=\"http:\/\/www.wholesale-cheap-nfl-jerseys.com\/\" target=\"_blank\" rel=\"noopener\">Cheap NFL Jerseys<\/a> Areva liefert aus Lingen mit Billigung des Bundesumweltministeriums Brennelemente f\u00fcr die belgischen Atommeiler Doel 1\u20133. Nach der aktuellen <a href=\"https:\/\/www.WholesaleJerseysCheapJerseys.com\/\" target=\"_blank\" rel=\"noopener\">cheap nfl jerseys<\/a> Transportliste des Bundesamtes f\u00fcr Strahlenschutz fanden die j\u00fcngsten Brennelementlieferungen von Lingen nach Doel gerade erst vor wenigen Tagen am 2., 7. und 12. Dezember statt (<a href=\"http:\/\/www.bfs.de\" target=\"_blank\" rel=\"noopener\">www.bfs.de<\/a>)!<\/p>\n<div id=\"attachment_1696\" style=\"width: 859px\" class=\"wp-caption aligncenter\"><a href=\"https:\/\/www.umweltaktivisten.de\/wp-content\/uploads\/2016\/12\/dasglasauge_Fotolia_34280918_S.jpg\">&lt;img class=&quot;size-full wp-image-1696&quot; <a href=\"http:\/\/www.cheapnfljerseysx.com\/\" target=\"_blank\" rel=\"noopener\">Wholesale NFL Jerseys<\/a> src=&#8220;https:\/\/www.umweltaktivisten.de\/wp-content\/uploads\/2016\/12\/dasglasauge_Fotolia_34280918_S.jpg&#8220; alt=&#8220;Grafik: dasglasauge (Fotolia)&#8220; width=&#8220;849&#8243; height=&#8220;566&#8243; srcset=&#8220;https:\/\/www.umweltaktivisten.de\/wp-content\/uploads\/2016\/12\/dasglasauge_Fotolia_34280918_S.jpg 849w, https:\/\/www.umweltaktivisten.de\/wp-content\/uploads\/2016\/12\/dasglasauge_Fotolia_34280918_S-300&#215;200.jpg 300w, https:\/\/www.umweltaktivisten.de\/wp-content\/uploads\/2016\/12\/dasglasauge_Fotolia_34280918_S-150&#215;100.jpg 150w&#8220; sizes=&#8220;(max-width: 849px) 100vw, 849px&#8220; \/&gt;<\/a><\/p>\n<p class=\"wp-caption-text\">Grafik: dasglasauge (Fotolia)<\/p>\n<\/div>\n<p>Aus dem westf\u00e4lischen Gronau beliefert zudem der Urananreicherer Urenco nach <a href=\"http:\/\/gadge.ru\/34027\/achat-paypal-wellbutrin-sr-la-morue-livraison\/\" target=\"_blank\" rel=\"noopener\">Morue<\/a> eigenen Angaben den belgischen AKW-Betreiber Electrabel mit angereichertem Uran zur Brennelementefertigung. Auch daf\u00fcr gibt es Ausfuhrgenehmigungen, <a href=\"https:\/\/www.cheapfakeoakleysell.com\/\" target=\"_blank\" rel=\"noopener\">cheap oakleys<\/a> die vom Bundesumweltministerium abgesegnet werden.<\/p>\n<p>&#8222;Anstatt \u00e4u\u00dferst schwache Atomabkommen mit Belgien abzuschlie\u00dfen, sollte Bundesumweltministerin Hendricks endlich <a href=\"https:\/\/www.cheapnfljerseys1.com\/\" target=\"_blank\" rel=\"noopener\">cheap nfl jerseys<\/a> die eigenen Hausaufgaben erledigen. Die Bundesregierung ist durch die Brennelementlieferungen aus Lingen sowie den Export von angereichertem Uran <a href=\"https:\/\/www.hotcheapjerseys.com\/\" target=\"_blank\" rel=\"noopener\">cheap nba jerseys<\/a> aus Gronau tief <a href=\"http:\/\/www.fakeoakleysaler.com\/\" target=\"_blank\" rel=\"noopener\">oakley outlet<\/a> in den Betrieb der Schrottreaktoren Doel und Tihange verstrickt und ist damit f\u00fcr St\u00f6rf\u00e4lle dort mitverantwortlich. Die Ministerin muss deshalb die Uranbrennstofflieferungen aus Lingen und Gronau sofort einstellen. Es kann nicht sein, dass mehrere der belgischen Pannenreaktoren mit Uranbrennstoff aus Deutschland betrieben werden,&#8220; forderte Matthias Eickhoff vom Aktionsb\u00fcndnis M\u00fcnsterland gegen Atomanlagen.<\/p>\n<p>(PM von Aktionsb\u00fcndnis M\u00fcnsterland gegen Atomanlagen Bundesverband B\u00fcrgerinitiativen Umweltschutz (BBU)<br \/>\nArbeitskreis Umwelt (AKU) Gronau<br \/>\nArbeitskreis Umwelt (AKU) Sch\u00fcttorf<br \/>\nSOFA (Sofortiger Atomausstieg) M\u00fcnster)<\/p>\n<p>M\u00fcnster\/Gronau, 19. Dezember 2016<\/p>\n<p>Weitere Informationen:<\/p>\n<p><a href=\"http:\/\/www.bbu-online.de\" target=\"_blank\" rel=\"noopener\">www.bbu-online.de<\/a>, <a href=\"https:\/\/www.cheapjerseyswholesalejerseys.com\/\" target=\"_blank\" rel=\"noopener\">cheap nfl jerseys<\/a> <a href=\"https:\/\/www.sofa-ms.de\/home.html\" target=\"_blank\" rel=\"noopener\">www.sofa-ms.de,<\/a><\/p>\n<p><a href=\"http:\/\/www.stop-tihange.org\" target=\"_blank\" rel=\"noopener\">www.stop-tihange.org<\/a><\/p>\n<p>Grafiken: Fotolia<\/p>\n","protected":false},"excerpt":{"rendered":"<p>&#8222;Ministerin Hendricks muss Uranlieferungen aus Deutschland stoppen&#8220; Urananreicherung Gronau und Brennelementefabrik Lingen betroffen &nbsp; Der Bundesverband B\u00fcrgerinitiativen Umweltschutz (BBU) und mehrere Anti-Atomkraft-Initiativen aus dem M\u00fcnsterland und dem westlichen Niedersachsen kritisieren das Atomabkommen (vom 19. Dezember 2016) zwischen Bundesumweltministerin Hendricks und der belgischen Atomaufsicht. Sie halten das Abkommen f\u00fcr Augenwischerei, weil\u2026<\/p>\n<p class=\"continue-reading-button\"> <a class=\"continue-reading-link\" href=\"https:\/\/www.umweltaktivisten.de\/index.php\/2016\/12\/20\/atomabkommen-mit-belgien-ist-augenwischerei\/\">weiter &#8230;<i class=\"crycon-right-dir\"><\/i><\/a><\/p>\n","protected":false},"author":1,"featured_media":926,"comment_status":"closed","ping_status":"closed","sticky":false,"template":"","format":"standard","meta":{"footnotes":""},"categories":[1,21],"tags":[191,107,233,223],"class_list":["post-1714","post","type-post","status-publish","format-standard","has-post-thumbnail","hentry","category-allgemein","category-atom","tag-brennelementefabrik-lingen","tag-tihange","tag-umweltministerin-hendriks","tag-urananreicherung-gronau"],"yoast_head":"<!-- This site is optimized with the Yoast SEO plugin v27.5 - https:\/\/yoast.com\/product\/yoast-seo-wordpress\/ -->\n<title>Atomabkommen mit Belgien ist &quot;Augenwischerei&quot; - umweltaktivisten.de<\/title>\n<meta name=\"robots\" content=\"index, nofollow, max-snippet:-1, max-image-preview:large, max-video-preview:-1\" \/>\n<link rel=\"canonical\" href=\"https:\/\/www.umweltaktivisten.de\/index.php\/2016\/12\/20\/atomabkommen-mit-belgien-ist-augenwischerei\/\" \/>\n<meta property=\"og:locale\" content=\"de_DE\" \/>\n<meta property=\"og:type\" content=\"article\" \/>\n<meta property=\"og:title\" content=\"Atomabkommen mit Belgien ist &quot;Augenwischerei&quot; - umweltaktivisten.de\" \/>\n<meta property=\"og:description\" content=\"&#8222;Ministerin Hendricks muss Uranlieferungen aus Deutschland stoppen&#8220; Urananreicherung Gronau und Brennelementefabrik Lingen betroffen &nbsp; Der Bundesverband B\u00fcrgerinitiativen Umweltschutz (BBU) und mehrere Anti-Atomkraft-Initiativen aus dem M\u00fcnsterland und dem westlichen Niedersachsen kritisieren das Atomabkommen (vom 19. Dezember 2016) zwischen Bundesumweltministerin Hendricks und der belgischen Atomaufsicht. Sie halten das Abkommen f\u00fcr Augenwischerei, weil\u2026 weiter ...\" \/>\n<meta property=\"og:url\" content=\"https:\/\/www.umweltaktivisten.de\/index.php\/2016\/12\/20\/atomabkommen-mit-belgien-ist-augenwischerei\/\" \/>\n<meta property=\"og:site_name\" content=\"umweltaktivisten.de\" \/>\n<meta property=\"article:published_time\" content=\"2016-12-20T20:01:04+00:00\" \/>\n<meta property=\"article:modified_time\" content=\"2017-03-30T04:34:00+00:00\" \/>\n<meta property=\"og:image\" content=\"https:\/\/www.umweltaktivisten.de\/wp-content\/uploads\/2015\/12\/web_Hand_Fotolia_36459714_M.jpg\" \/>\n\t<meta property=\"og:image:width\" content=\"300\" \/>\n\t<meta property=\"og:image:height\" content=\"300\" \/>\n\t<meta property=\"og:image:type\" content=\"image\/jpeg\" \/>\n<meta name=\"author\" content=\"marita\" \/>\n<meta name=\"twitter:card\" content=\"summary_large_image\" \/>\n<meta name=\"twitter:label1\" content=\"Verfasst von\" \/>\n\t<meta name=\"twitter:data1\" content=\"marita\" \/>\n\t<meta name=\"twitter:label2\" content=\"Gesch\u00e4tzte Lesezeit\" \/>\n\t<meta name=\"twitter:data2\" content=\"2\u00a0Minuten\" \/>\n<script type=\"application\/ld+json\" class=\"yoast-schema-graph\">{\"@context\":\"https:\\\/\\\/schema.org\",\"@graph\":[{\"@type\":\"Article\",\"@id\":\"https:\\\/\\\/www.umweltaktivisten.de\\\/index.php\\\/2016\\\/12\\\/20\\\/atomabkommen-mit-belgien-ist-augenwischerei\\\/#article\",\"isPartOf\":{\"@id\":\"https:\\\/\\\/www.umweltaktivisten.de\\\/index.php\\\/2016\\\/12\\\/20\\\/atomabkommen-mit-belgien-ist-augenwischerei\\\/\"},\"author\":{\"name\":\"marita\",\"@id\":\"https:\\\/\\\/www.umweltaktivisten.de\\\/#\\\/schema\\\/person\\\/af601319cc34a906612869cf3b4fd51a\"},\"headline\":\"Atomabkommen mit Belgien ist &#8222;Augenwischerei&#8220;\",\"datePublished\":\"2016-12-20T20:01:04+00:00\",\"dateModified\":\"2017-03-30T04:34:00+00:00\",\"mainEntityOfPage\":{\"@id\":\"https:\\\/\\\/www.umweltaktivisten.de\\\/index.php\\\/2016\\\/12\\\/20\\\/atomabkommen-mit-belgien-ist-augenwischerei\\\/\"},\"wordCount\":430,\"image\":{\"@id\":\"https:\\\/\\\/www.umweltaktivisten.de\\\/index.php\\\/2016\\\/12\\\/20\\\/atomabkommen-mit-belgien-ist-augenwischerei\\\/#primaryimage\"},\"thumbnailUrl\":\"https:\\\/\\\/www.umweltaktivisten.de\\\/wp-content\\\/uploads\\\/2015\\\/12\\\/web_Hand_Fotolia_36459714_M.jpg\",\"keywords\":[\"Brennelementefabrik Lingen\",\"Tihange\",\"Umweltministerin Hendriks\",\"Urananreicherung Gronau\"],\"articleSection\":{\"1\":\"Atom\"},\"inLanguage\":\"de\"},{\"@type\":\"WebPage\",\"@id\":\"https:\\\/\\\/www.umweltaktivisten.de\\\/index.php\\\/2016\\\/12\\\/20\\\/atomabkommen-mit-belgien-ist-augenwischerei\\\/\",\"url\":\"https:\\\/\\\/www.umweltaktivisten.de\\\/index.php\\\/2016\\\/12\\\/20\\\/atomabkommen-mit-belgien-ist-augenwischerei\\\/\",\"name\":\"Atomabkommen mit Belgien ist \\\"Augenwischerei\\\" - umweltaktivisten.de\",\"isPartOf\":{\"@id\":\"https:\\\/\\\/www.umweltaktivisten.de\\\/#website\"},\"primaryImageOfPage\":{\"@id\":\"https:\\\/\\\/www.umweltaktivisten.de\\\/index.php\\\/2016\\\/12\\\/20\\\/atomabkommen-mit-belgien-ist-augenwischerei\\\/#primaryimage\"},\"image\":{\"@id\":\"https:\\\/\\\/www.umweltaktivisten.de\\\/index.php\\\/2016\\\/12\\\/20\\\/atomabkommen-mit-belgien-ist-augenwischerei\\\/#primaryimage\"},\"thumbnailUrl\":\"https:\\\/\\\/www.umweltaktivisten.de\\\/wp-content\\\/uploads\\\/2015\\\/12\\\/web_Hand_Fotolia_36459714_M.jpg\",\"datePublished\":\"2016-12-20T20:01:04+00:00\",\"dateModified\":\"2017-03-30T04:34:00+00:00\",\"author\":{\"@id\":\"https:\\\/\\\/www.umweltaktivisten.de\\\/#\\\/schema\\\/person\\\/af601319cc34a906612869cf3b4fd51a\"},\"breadcrumb\":{\"@id\":\"https:\\\/\\\/www.umweltaktivisten.de\\\/index.php\\\/2016\\\/12\\\/20\\\/atomabkommen-mit-belgien-ist-augenwischerei\\\/#breadcrumb\"},\"inLanguage\":\"de\",\"potentialAction\":[{\"@type\":\"ReadAction\",\"target\":[\"https:\\\/\\\/www.umweltaktivisten.de\\\/index.php\\\/2016\\\/12\\\/20\\\/atomabkommen-mit-belgien-ist-augenwischerei\\\/\"]}]},{\"@type\":\"ImageObject\",\"inLanguage\":\"de\",\"@id\":\"https:\\\/\\\/www.umweltaktivisten.de\\\/index.php\\\/2016\\\/12\\\/20\\\/atomabkommen-mit-belgien-ist-augenwischerei\\\/#primaryimage\",\"url\":\"https:\\\/\\\/www.umweltaktivisten.de\\\/wp-content\\\/uploads\\\/2015\\\/12\\\/web_Hand_Fotolia_36459714_M.jpg\",\"contentUrl\":\"https:\\\/\\\/www.umweltaktivisten.de\\\/wp-content\\\/uploads\\\/2015\\\/12\\\/web_Hand_Fotolia_36459714_M.jpg\",\"width\":300,\"height\":300,\"caption\":\"\u00a9 Fotolia Stopp Atomkraft!\"},{\"@type\":\"BreadcrumbList\",\"@id\":\"https:\\\/\\\/www.umweltaktivisten.de\\\/index.php\\\/2016\\\/12\\\/20\\\/atomabkommen-mit-belgien-ist-augenwischerei\\\/#breadcrumb\",\"itemListElement\":[{\"@type\":\"ListItem\",\"position\":1,\"name\":\"Home\",\"item\":\"https:\\\/\\\/www.umweltaktivisten.de\\\/\"},{\"@type\":\"ListItem\",\"position\":2,\"name\":\"Atomabkommen mit Belgien ist &#8222;Augenwischerei&#8220;\"}]},{\"@type\":\"WebSite\",\"@id\":\"https:\\\/\\\/www.umweltaktivisten.de\\\/#website\",\"url\":\"https:\\\/\\\/www.umweltaktivisten.de\\\/\",\"name\":\"umweltaktivisten.de\",\"description\":\"&quot;Wir haben die Erde nur von unseren Kindern geborgt&quot;\",\"potentialAction\":[{\"@type\":\"SearchAction\",\"target\":{\"@type\":\"EntryPoint\",\"urlTemplate\":\"https:\\\/\\\/www.umweltaktivisten.de\\\/?s={search_term_string}\"},\"query-input\":{\"@type\":\"PropertyValueSpecification\",\"valueRequired\":true,\"valueName\":\"search_term_string\"}}],\"inLanguage\":\"de\"},{\"@type\":\"Person\",\"@id\":\"https:\\\/\\\/www.umweltaktivisten.de\\\/#\\\/schema\\\/person\\\/af601319cc34a906612869cf3b4fd51a\",\"name\":\"marita\",\"url\":\"https:\\\/\\\/www.umweltaktivisten.de\\\/author\\\/marita\\\/\"}]}<\/script>\n<!-- \/ Yoast SEO plugin. -->","yoast_head_json":{"title":"Atomabkommen mit Belgien ist \"Augenwischerei\" - umweltaktivisten.de","robots":{"index":"index","follow":"nofollow","max-snippet":"max-snippet:-1","max-image-preview":"max-image-preview:large","max-video-preview":"max-video-preview:-1"},"canonical":"https:\/\/www.umweltaktivisten.de\/index.php\/2016\/12\/20\/atomabkommen-mit-belgien-ist-augenwischerei\/","og_locale":"de_DE","og_type":"article","og_title":"Atomabkommen mit Belgien ist \"Augenwischerei\" - umweltaktivisten.de","og_description":"&#8222;Ministerin Hendricks muss Uranlieferungen aus Deutschland stoppen&#8220; Urananreicherung Gronau und Brennelementefabrik Lingen betroffen &nbsp; Der Bundesverband B\u00fcrgerinitiativen Umweltschutz (BBU) und mehrere Anti-Atomkraft-Initiativen aus dem M\u00fcnsterland und dem westlichen Niedersachsen kritisieren das Atomabkommen (vom 19. Dezember 2016) zwischen Bundesumweltministerin Hendricks und der belgischen Atomaufsicht. Sie halten das Abkommen f\u00fcr Augenwischerei, weil\u2026 weiter ...","og_url":"https:\/\/www.umweltaktivisten.de\/index.php\/2016\/12\/20\/atomabkommen-mit-belgien-ist-augenwischerei\/","og_site_name":"umweltaktivisten.de","article_published_time":"2016-12-20T20:01:04+00:00","article_modified_time":"2017-03-30T04:34:00+00:00","og_image":[{"width":300,"height":300,"url":"https:\/\/www.umweltaktivisten.de\/wp-content\/uploads\/2015\/12\/web_Hand_Fotolia_36459714_M.jpg","type":"image\/jpeg"}],"author":"marita","twitter_card":"summary_large_image","twitter_misc":{"Verfasst von":"marita","Gesch\u00e4tzte Lesezeit":"2\u00a0Minuten"},"schema":{"@context":"https:\/\/schema.org","@graph":[{"@type":"Article","@id":"https:\/\/www.umweltaktivisten.de\/index.php\/2016\/12\/20\/atomabkommen-mit-belgien-ist-augenwischerei\/#article","isPartOf":{"@id":"https:\/\/www.umweltaktivisten.de\/index.php\/2016\/12\/20\/atomabkommen-mit-belgien-ist-augenwischerei\/"},"author":{"name":"marita","@id":"https:\/\/www.umweltaktivisten.de\/#\/schema\/person\/af601319cc34a906612869cf3b4fd51a"},"headline":"Atomabkommen mit Belgien ist &#8222;Augenwischerei&#8220;","datePublished":"2016-12-20T20:01:04+00:00","dateModified":"2017-03-30T04:34:00+00:00","mainEntityOfPage":{"@id":"https:\/\/www.umweltaktivisten.de\/index.php\/2016\/12\/20\/atomabkommen-mit-belgien-ist-augenwischerei\/"},"wordCount":430,"image":{"@id":"https:\/\/www.umweltaktivisten.de\/index.php\/2016\/12\/20\/atomabkommen-mit-belgien-ist-augenwischerei\/#primaryimage"},"thumbnailUrl":"https:\/\/www.umweltaktivisten.de\/wp-content\/uploads\/2015\/12\/web_Hand_Fotolia_36459714_M.jpg","keywords":["Brennelementefabrik Lingen","Tihange","Umweltministerin Hendriks","Urananreicherung Gronau"],"articleSection":{"1":"Atom"},"inLanguage":"de"},{"@type":"WebPage","@id":"https:\/\/www.umweltaktivisten.de\/index.php\/2016\/12\/20\/atomabkommen-mit-belgien-ist-augenwischerei\/","url":"https:\/\/www.umweltaktivisten.de\/index.php\/2016\/12\/20\/atomabkommen-mit-belgien-ist-augenwischerei\/","name":"Atomabkommen mit Belgien ist \"Augenwischerei\" - umweltaktivisten.de","isPartOf":{"@id":"https:\/\/www.umweltaktivisten.de\/#website"},"primaryImageOfPage":{"@id":"https:\/\/www.umweltaktivisten.de\/index.php\/2016\/12\/20\/atomabkommen-mit-belgien-ist-augenwischerei\/#primaryimage"},"image":{"@id":"https:\/\/www.umweltaktivisten.de\/index.php\/2016\/12\/20\/atomabkommen-mit-belgien-ist-augenwischerei\/#primaryimage"},"thumbnailUrl":"https:\/\/www.umweltaktivisten.de\/wp-content\/uploads\/2015\/12\/web_Hand_Fotolia_36459714_M.jpg","datePublished":"2016-12-20T20:01:04+00:00","dateModified":"2017-03-30T04:34:00+00:00","author":{"@id":"https:\/\/www.umweltaktivisten.de\/#\/schema\/person\/af601319cc34a906612869cf3b4fd51a"},"breadcrumb":{"@id":"https:\/\/www.umweltaktivisten.de\/index.php\/2016\/12\/20\/atomabkommen-mit-belgien-ist-augenwischerei\/#breadcrumb"},"inLanguage":"de","potentialAction":[{"@type":"ReadAction","target":["https:\/\/www.umweltaktivisten.de\/index.php\/2016\/12\/20\/atomabkommen-mit-belgien-ist-augenwischerei\/"]}]},{"@type":"ImageObject","inLanguage":"de","@id":"https:\/\/www.umweltaktivisten.de\/index.php\/2016\/12\/20\/atomabkommen-mit-belgien-ist-augenwischerei\/#primaryimage","url":"https:\/\/www.umweltaktivisten.de\/wp-content\/uploads\/2015\/12\/web_Hand_Fotolia_36459714_M.jpg","contentUrl":"https:\/\/www.umweltaktivisten.de\/wp-content\/uploads\/2015\/12\/web_Hand_Fotolia_36459714_M.jpg","width":300,"height":300,"caption":"\u00a9 Fotolia Stopp Atomkraft!"},{"@type":"BreadcrumbList","@id":"https:\/\/www.umweltaktivisten.de\/index.php\/2016\/12\/20\/atomabkommen-mit-belgien-ist-augenwischerei\/#breadcrumb","itemListElement":[{"@type":"ListItem","position":1,"name":"Home","item":"https:\/\/www.umweltaktivisten.de\/"},{"@type":"ListItem","position":2,"name":"Atomabkommen mit Belgien ist &#8222;Augenwischerei&#8220;"}]},{"@type":"WebSite","@id":"https:\/\/www.umweltaktivisten.de\/#website","url":"https:\/\/www.umweltaktivisten.de\/","name":"umweltaktivisten.de","description":"&quot;Wir haben die Erde nur von unseren Kindern geborgt&quot;","potentialAction":[{"@type":"SearchAction","target":{"@type":"EntryPoint","urlTemplate":"https:\/\/www.umweltaktivisten.de\/?s={search_term_string}"},"query-input":{"@type":"PropertyValueSpecification","valueRequired":true,"valueName":"search_term_string"}}],"inLanguage":"de"},{"@type":"Person","@id":"https:\/\/www.umweltaktivisten.de\/#\/schema\/person\/af601319cc34a906612869cf3b4fd51a","name":"marita","url":"https:\/\/www.umweltaktivisten.de\/author\/marita\/"}]}},"_links":{"self":[{"href":"https:\/\/www.umweltaktivisten.de\/index.php\/wp-json\/wp\/v2\/posts\/1714","targetHints":{"allow":["GET"]}}],"collection":[{"href":"https:\/\/www.umweltaktivisten.de\/index.php\/wp-json\/wp\/v2\/posts"}],"about":[{"href":"https:\/\/www.umweltaktivisten.de\/index.php\/wp-json\/wp\/v2\/types\/post"}],"author":[{"embeddable":true,"href":"https:\/\/www.umweltaktivisten.de\/index.php\/wp-json\/wp\/v2\/users\/1"}],"replies":[{"embeddable":true,"href":"https:\/\/www.umweltaktivisten.de\/index.php\/wp-json\/wp\/v2\/comments?post=1714"}],"version-history":[{"count":1,"href":"https:\/\/www.umweltaktivisten.de\/index.php\/wp-json\/wp\/v2\/posts\/1714\/revisions"}],"predecessor-version":[{"id":2024,"href":"https:\/\/www.umweltaktivisten.de\/index.php\/wp-json\/wp\/v2\/posts\/1714\/revisions\/2024"}],"wp:featuredmedia":[{"embeddable":true,"href":"https:\/\/www.umweltaktivisten.de\/index.php\/wp-json\/wp\/v2\/media\/926"}],"wp:attachment":[{"href":"https:\/\/www.umweltaktivisten.de\/index.php\/wp-json\/wp\/v2\/media?parent=1714"}],"wp:term":[{"taxonomy":"category","embeddable":true,"href":"https:\/\/www.umweltaktivisten.de\/index.php\/wp-json\/wp\/v2\/categories?post=1714"},{"taxonomy":"post_tag","embeddable":true,"href":"https:\/\/www.umweltaktivisten.de\/index.php\/wp-json\/wp\/v2\/tags?post=1714"}],"curies":[{"name":"wp","href":"https:\/\/api.w.org\/{rel}","templated":true}]}}