{"id":1695,"date":"2016-12-04T23:03:08","date_gmt":"2016-12-04T22:03:08","guid":{"rendered":"http:\/\/www.umweltaktivisten.de\/?p=1695"},"modified":"2017-03-31T01:02:07","modified_gmt":"2017-03-30T23:02:07","slug":"option-zwischenlager-neubau-in-juelich-sind-zehn-jahre-realistisch","status":"publish","type":"post","link":"https:\/\/www.umweltaktivisten.de\/index.php\/2016\/12\/04\/option-zwischenlager-neubau-in-juelich-sind-zehn-jahre-realistisch\/","title":{"rendered":"Option Zwischenlager-Neubau in J\u00fclich: Sind 10 Jahre realistisch?"},"content":{"rendered":"<div id=\"attachment_1696\" class=\"wp-caption aligncenter\" style=\"width: 477px;\">\n<p><img loading=\"lazy\" decoding=\"async\" class=\"aligncenter wp-image-1696\" src=\"https:\/\/www.umweltaktivisten.de\/wp-content\/uploads\/2016\/12\/dasglasauge_Fotolia_34280918_S.jpg\" alt=\"Foto: dasglasauge (Fotolia)\" width=\"467\" height=\"311\" srcset=\"https:\/\/www.umweltaktivisten.de\/wp-content\/uploads\/2016\/12\/dasglasauge_Fotolia_34280918_S.jpg 849w, https:\/\/www.umweltaktivisten.de\/wp-content\/uploads\/2016\/12\/dasglasauge_Fotolia_34280918_S-300x200.jpg 300w, https:\/\/www.umweltaktivisten.de\/wp-content\/uploads\/2016\/12\/dasglasauge_Fotolia_34280918_S-150x100.jpg 150w\" sizes=\"auto, (max-width: 467px) 100vw, 467px\" \/><\/p>\n<p class=\"wp-caption-text\">Grafik: dasglasauge (Fotolia)<\/p>\n<\/div>\n<p><strong>Atomkraftgegner sehen sich in ihrer Kritik an den irref\u00fchrenden Aussagen der Verantwortlichen \u00fcber die zeitlichen Dimensionen der drei Optionen f\u00fcr die 152 Castoren aus J\u00fclich best\u00e4tigt, mit denen die \u00d6ffentlichkeit seit Jahren get\u00e4uscht wird.<\/strong> Seit mindestens 2009 laufen die Planungen, die Castoren nach Ahaus zu bringen, seit 2012 sind Planungen f\u00fcr einen USA-Export bekannt und seit Jahren hei\u00dft es: Ein Zwischenlager-Neubau in J\u00fclich dauert zehn Jahre, ohne dass diese Option voran getrieben wird.<\/p>\n<h5>Castor-Transporte erfordern aufw\u00e4ndiges Sicherungskonzept<\/h5>\n<p>Nun offenbart sich, dass das Risiko und der Aufwand f\u00fcr die Castor-Transporte nach Ahaus doch deutlich gr\u00f6\u00dfer sind, als urspr\u00fcnglich gedacht. Laut Medienberichten ist v\u00f6llig offen, wie lange es dauert, ein Sicherheitskonzept bez\u00fcglich Terrorangriffe f\u00fcr die Castor-Transporte nach Ahaus zu erstellen \u2013 ein solches Sicherheitskonzept d\u00fcrfte auch f\u00fcr einen Castor-Export in die USA erforderlich sein. Nur dass es hier bez\u00fcglich Verladung und Verschiffung deutlich komplizierter ausfallen d\u00fcrfte, vermutet das B\u00fcndnis gegen Castor-Exporte. \u201eVor diesem Hintergrund ist es unverst\u00e4ndlich, dass\u00a0 der Neubau eines m\u00f6glichst sicheren Zwischenlagers in J\u00fclich immer noch als langsamste und komplizierteste Variante dargestellt wird\u201c, so Marita Boslar vom Aktionsb\u00fcndnis \u201eStop Westcastor\u201c.<\/p>\n<h5>\u00a0Andere Zwischenlager-Neubauten ben\u00f6tigen nur vier Jahre<\/h5>\n<p>Nach Ansicht der Atomkraftgegner wird die Option des Zwischenlager-Neubaus von der J\u00fclicher Entsorgungsgesellschaft f\u00fcr Nuklearanlagen (JEN) vermutlich extra langwierig veranschlagt, um diese Option zu\u00a0 verhindern. Denn die Castor-Zwischenlager an den anderen AKW-Standorten konnten laut Bundesamt f\u00fcr Strahlenschutz innerhalb von drei Jahren gebaut werden. \u201eDas Beispiel des Zwischenlagers am AKW Lingen zeigt, dass vom Antrag bis zur Einlagerung nur vier Jahre vergangen sind\u201c, erkl\u00e4rt Hartmut Liebermann von der B\u00fcrgerinitiative \u201eKein Atomm\u00fcll in Ahaus\u201c.<\/p>\n<h5>\u00a0Alle Energie in\u00a0 m\u00f6glichst sicheren Zwischenlager-Neubau stecken<\/h5>\n<p>\u201eWenn Betreiber und Beh\u00f6rden wollen, kann es offenbar also ganz schnell gehen\u201c, so Hartmut Liebermann weiter. Die Atomkraftgegner bekr\u00e4ftigen deswegen erneut ihre Forderung, endlich den Bau eines m\u00f6glichst sicheren Zwischenlager-Neubaus in J\u00fclich voranzutreiben, statt weiterhin Energie in die sinnlosen Castor-Transporte nach Ahaus oder in den juristisch verbotenen Export in die USA zu stecken. Anstatt seit 2009 alle Aktivit\u00e4ten in Transportplanungen zu stecken, h\u00e4tte ein neues, m\u00f6glichst sicheres Zwischenlager geplant und beantragt werden k\u00f6nnen \u2013 und w\u00e4re heute bereits fertig!<\/p>\n<p>Am Donnerstag (29. November 2016) meldete der WDR, dass die Castor-Transporte nach Ahaus 2017 nicht stattfinden k\u00f6nnen, weil noch Sicherungskonzepte gegen Terrorangriffe erstellt werden m\u00fcssen. Dazu m\u00fcsse auch ein Schutz der Castoren gegen Sprengstoffanschl\u00e4ge oder der Einsatz gepanzerter LKW gepr\u00fcft werden.<\/p>\n<p>(PM B\u00fcndnis gegen Castor-Exporte 2. Dezember 2016)<\/p>\n<p><strong>Quellen:<\/strong><\/p>\n<p><a href=\"http:\/\/www1.wdr.de\/nachrichten\/rheinland\/atommuell-juelich-konzept-100.html\" target=\"_blank\" rel=\"noopener\">http:\/\/www1.wdr.de\/nachrichten\/rheinland\/atommuell-juelich-konzept-100.htm<\/a><\/p>\n<p>&nbsp;<\/p>\n","protected":false},"excerpt":{"rendered":"<p>Grafik: dasglasauge (Fotolia) Atomkraftgegner sehen sich in ihrer Kritik an den irref\u00fchrenden Aussagen der Verantwortlichen \u00fcber die zeitlichen Dimensionen der drei Optionen f\u00fcr die 152 Castoren aus J\u00fclich best\u00e4tigt, mit denen die \u00d6ffentlichkeit seit Jahren get\u00e4uscht wird. Seit mindestens 2009 laufen die Planungen, die Castoren nach Ahaus zu bringen, seit\u2026<\/p>\n<p class=\"continue-reading-button\"> <a class=\"continue-reading-link\" href=\"https:\/\/www.umweltaktivisten.de\/index.php\/2016\/12\/04\/option-zwischenlager-neubau-in-juelich-sind-zehn-jahre-realistisch\/\">weiter &#8230;<i class=\"crycon-right-dir\"><\/i><\/a><\/p>\n","protected":false},"author":1,"featured_media":1698,"comment_status":"closed","ping_status":"closed","sticky":false,"template":"","format":"standard","meta":{"footnotes":""},"categories":[1],"tags":[232,99,231,43,114,100],"class_list":["post-1695","post","type-post","status-publish","format-standard","has-post-thumbnail","hentry","category-allgemein","tag-bi-kein-castor-in-ahaus","tag-buendnis-gegen-castor-exporte","tag-castor-exporte","tag-castoren","tag-jen","tag-stop-westcastor"],"yoast_head":"<!-- This site is optimized with the Yoast SEO plugin v27.5 - https:\/\/yoast.com\/product\/yoast-seo-wordpress\/ -->\n<title>Wird die \u00d6ffentlichkeit get\u00e4uscht: 10 Jahre f\u00fcr Zwischenlager-Neubau?<\/title>\n<meta name=\"description\" content=\"Atomkraftgegner sehen sich in ihrer Kritik an den irref\u00fchrenden Aussagen der Verantwortlichen f\u00fcr die 152 Castoren aus J\u00fclich best\u00e4tigt.\" \/>\n<meta name=\"robots\" content=\"index, nofollow, max-snippet:-1, max-image-preview:large, max-video-preview:-1\" \/>\n<link rel=\"canonical\" href=\"https:\/\/www.umweltaktivisten.de\/index.php\/2016\/12\/04\/option-zwischenlager-neubau-in-juelich-sind-zehn-jahre-realistisch\/\" \/>\n<meta property=\"og:locale\" content=\"de_DE\" \/>\n<meta property=\"og:type\" content=\"article\" \/>\n<meta property=\"og:title\" content=\"Allgemein Option Zwischenlager-Neubau in J\u00fclich: Sind 10 Jahre realistisch? Option Zwischenlager-Neubau in J\u00fclich: Sind 10 Jahre realistisch?\" \/>\n<meta property=\"og:description\" content=\"Atomkraftgegner sehen sich in ihrer Kritik an den irref\u00fchrenden Aussagen der Verantwortlichen f\u00fcr die 152 Castoren aus J\u00fclich best\u00e4tigt.\" \/>\n<meta property=\"og:url\" content=\"https:\/\/www.umweltaktivisten.de\/index.php\/2016\/12\/04\/option-zwischenlager-neubau-in-juelich-sind-zehn-jahre-realistisch\/\" \/>\n<meta property=\"og:site_name\" content=\"umweltaktivisten.de\" \/>\n<meta property=\"article:published_time\" content=\"2016-12-04T22:03:08+00:00\" \/>\n<meta property=\"article:modified_time\" content=\"2017-03-30T23:02:07+00:00\" \/>\n<meta property=\"og:image\" content=\"https:\/\/www.umweltaktivisten.de\/wp-content\/uploads\/2016\/12\/dasglasauge_Fotolia_34280918_S1.jpg\" \/>\n\t<meta property=\"og:image:width\" content=\"300\" \/>\n\t<meta property=\"og:image:height\" content=\"200\" \/>\n\t<meta property=\"og:image:type\" content=\"image\/jpeg\" \/>\n<meta name=\"author\" content=\"marita\" \/>\n<meta name=\"twitter:card\" content=\"summary_large_image\" \/>\n<meta name=\"twitter:label1\" content=\"Verfasst von\" \/>\n\t<meta name=\"twitter:data1\" content=\"marita\" \/>\n\t<meta name=\"twitter:label2\" content=\"Gesch\u00e4tzte Lesezeit\" \/>\n\t<meta name=\"twitter:data2\" content=\"2\u00a0Minuten\" \/>\n<script type=\"application\/ld+json\" class=\"yoast-schema-graph\">{\"@context\":\"https:\\\/\\\/schema.org\",\"@graph\":[{\"@type\":\"Article\",\"@id\":\"https:\\\/\\\/www.umweltaktivisten.de\\\/index.php\\\/2016\\\/12\\\/04\\\/option-zwischenlager-neubau-in-juelich-sind-zehn-jahre-realistisch\\\/#article\",\"isPartOf\":{\"@id\":\"https:\\\/\\\/www.umweltaktivisten.de\\\/index.php\\\/2016\\\/12\\\/04\\\/option-zwischenlager-neubau-in-juelich-sind-zehn-jahre-realistisch\\\/\"},\"author\":{\"name\":\"marita\",\"@id\":\"https:\\\/\\\/www.umweltaktivisten.de\\\/#\\\/schema\\\/person\\\/af601319cc34a906612869cf3b4fd51a\"},\"headline\":\"Option Zwischenlager-Neubau in J\u00fclich: Sind 10 Jahre realistisch?\",\"datePublished\":\"2016-12-04T22:03:08+00:00\",\"dateModified\":\"2017-03-30T23:02:07+00:00\",\"mainEntityOfPage\":{\"@id\":\"https:\\\/\\\/www.umweltaktivisten.de\\\/index.php\\\/2016\\\/12\\\/04\\\/option-zwischenlager-neubau-in-juelich-sind-zehn-jahre-realistisch\\\/\"},\"wordCount\":449,\"image\":{\"@id\":\"https:\\\/\\\/www.umweltaktivisten.de\\\/index.php\\\/2016\\\/12\\\/04\\\/option-zwischenlager-neubau-in-juelich-sind-zehn-jahre-realistisch\\\/#primaryimage\"},\"thumbnailUrl\":\"https:\\\/\\\/www.umweltaktivisten.de\\\/wp-content\\\/uploads\\\/2016\\\/12\\\/dasglasauge_Fotolia_34280918_S1.jpg\",\"keywords\":[\"BI \\\"Kein Castor in Ahaus\\\"\",\"B\u00fcndnis gegen Castor-Exporte\",\"Castor-Exporte\",\"Castoren\",\"JEN\",\"STOP Westcastor\"],\"inLanguage\":\"de\"},{\"@type\":\"WebPage\",\"@id\":\"https:\\\/\\\/www.umweltaktivisten.de\\\/index.php\\\/2016\\\/12\\\/04\\\/option-zwischenlager-neubau-in-juelich-sind-zehn-jahre-realistisch\\\/\",\"url\":\"https:\\\/\\\/www.umweltaktivisten.de\\\/index.php\\\/2016\\\/12\\\/04\\\/option-zwischenlager-neubau-in-juelich-sind-zehn-jahre-realistisch\\\/\",\"name\":\"Wird die \u00d6ffentlichkeit get\u00e4uscht: 10 Jahre f\u00fcr Zwischenlager-Neubau?\",\"isPartOf\":{\"@id\":\"https:\\\/\\\/www.umweltaktivisten.de\\\/#website\"},\"primaryImageOfPage\":{\"@id\":\"https:\\\/\\\/www.umweltaktivisten.de\\\/index.php\\\/2016\\\/12\\\/04\\\/option-zwischenlager-neubau-in-juelich-sind-zehn-jahre-realistisch\\\/#primaryimage\"},\"image\":{\"@id\":\"https:\\\/\\\/www.umweltaktivisten.de\\\/index.php\\\/2016\\\/12\\\/04\\\/option-zwischenlager-neubau-in-juelich-sind-zehn-jahre-realistisch\\\/#primaryimage\"},\"thumbnailUrl\":\"https:\\\/\\\/www.umweltaktivisten.de\\\/wp-content\\\/uploads\\\/2016\\\/12\\\/dasglasauge_Fotolia_34280918_S1.jpg\",\"datePublished\":\"2016-12-04T22:03:08+00:00\",\"dateModified\":\"2017-03-30T23:02:07+00:00\",\"author\":{\"@id\":\"https:\\\/\\\/www.umweltaktivisten.de\\\/#\\\/schema\\\/person\\\/af601319cc34a906612869cf3b4fd51a\"},\"description\":\"Atomkraftgegner sehen sich in ihrer Kritik an den irref\u00fchrenden Aussagen der Verantwortlichen f\u00fcr die 152 Castoren aus J\u00fclich best\u00e4tigt.\",\"breadcrumb\":{\"@id\":\"https:\\\/\\\/www.umweltaktivisten.de\\\/index.php\\\/2016\\\/12\\\/04\\\/option-zwischenlager-neubau-in-juelich-sind-zehn-jahre-realistisch\\\/#breadcrumb\"},\"inLanguage\":\"de\",\"potentialAction\":[{\"@type\":\"ReadAction\",\"target\":[\"https:\\\/\\\/www.umweltaktivisten.de\\\/index.php\\\/2016\\\/12\\\/04\\\/option-zwischenlager-neubau-in-juelich-sind-zehn-jahre-realistisch\\\/\"]}]},{\"@type\":\"ImageObject\",\"inLanguage\":\"de\",\"@id\":\"https:\\\/\\\/www.umweltaktivisten.de\\\/index.php\\\/2016\\\/12\\\/04\\\/option-zwischenlager-neubau-in-juelich-sind-zehn-jahre-realistisch\\\/#primaryimage\",\"url\":\"https:\\\/\\\/www.umweltaktivisten.de\\\/wp-content\\\/uploads\\\/2016\\\/12\\\/dasglasauge_Fotolia_34280918_S1.jpg\",\"contentUrl\":\"https:\\\/\\\/www.umweltaktivisten.de\\\/wp-content\\\/uploads\\\/2016\\\/12\\\/dasglasauge_Fotolia_34280918_S1.jpg\",\"width\":300,\"height\":200,\"caption\":\"Grafik: dasglasauge (Fotolia)\"},{\"@type\":\"BreadcrumbList\",\"@id\":\"https:\\\/\\\/www.umweltaktivisten.de\\\/index.php\\\/2016\\\/12\\\/04\\\/option-zwischenlager-neubau-in-juelich-sind-zehn-jahre-realistisch\\\/#breadcrumb\",\"itemListElement\":[{\"@type\":\"ListItem\",\"position\":1,\"name\":\"Home\",\"item\":\"https:\\\/\\\/www.umweltaktivisten.de\\\/\"},{\"@type\":\"ListItem\",\"position\":2,\"name\":\"Option Zwischenlager-Neubau in J\u00fclich: Sind 10 Jahre realistisch?\"}]},{\"@type\":\"WebSite\",\"@id\":\"https:\\\/\\\/www.umweltaktivisten.de\\\/#website\",\"url\":\"https:\\\/\\\/www.umweltaktivisten.de\\\/\",\"name\":\"umweltaktivisten.de\",\"description\":\"&quot;Wir haben die Erde nur von unseren Kindern geborgt&quot;\",\"potentialAction\":[{\"@type\":\"SearchAction\",\"target\":{\"@type\":\"EntryPoint\",\"urlTemplate\":\"https:\\\/\\\/www.umweltaktivisten.de\\\/?s={search_term_string}\"},\"query-input\":{\"@type\":\"PropertyValueSpecification\",\"valueRequired\":true,\"valueName\":\"search_term_string\"}}],\"inLanguage\":\"de\"},{\"@type\":\"Person\",\"@id\":\"https:\\\/\\\/www.umweltaktivisten.de\\\/#\\\/schema\\\/person\\\/af601319cc34a906612869cf3b4fd51a\",\"name\":\"marita\",\"url\":\"https:\\\/\\\/www.umweltaktivisten.de\\\/author\\\/marita\\\/\"}]}<\/script>\n<!-- \/ Yoast SEO plugin. -->","yoast_head_json":{"title":"Wird die \u00d6ffentlichkeit get\u00e4uscht: 10 Jahre f\u00fcr Zwischenlager-Neubau?","description":"Atomkraftgegner sehen sich in ihrer Kritik an den irref\u00fchrenden Aussagen der Verantwortlichen f\u00fcr die 152 Castoren aus J\u00fclich best\u00e4tigt.","robots":{"index":"index","follow":"nofollow","max-snippet":"max-snippet:-1","max-image-preview":"max-image-preview:large","max-video-preview":"max-video-preview:-1"},"canonical":"https:\/\/www.umweltaktivisten.de\/index.php\/2016\/12\/04\/option-zwischenlager-neubau-in-juelich-sind-zehn-jahre-realistisch\/","og_locale":"de_DE","og_type":"article","og_title":"Allgemein Option Zwischenlager-Neubau in J\u00fclich: Sind 10 Jahre realistisch? Option Zwischenlager-Neubau in J\u00fclich: Sind 10 Jahre realistisch?","og_description":"Atomkraftgegner sehen sich in ihrer Kritik an den irref\u00fchrenden Aussagen der Verantwortlichen f\u00fcr die 152 Castoren aus J\u00fclich best\u00e4tigt.","og_url":"https:\/\/www.umweltaktivisten.de\/index.php\/2016\/12\/04\/option-zwischenlager-neubau-in-juelich-sind-zehn-jahre-realistisch\/","og_site_name":"umweltaktivisten.de","article_published_time":"2016-12-04T22:03:08+00:00","article_modified_time":"2017-03-30T23:02:07+00:00","og_image":[{"width":300,"height":200,"url":"https:\/\/www.umweltaktivisten.de\/wp-content\/uploads\/2016\/12\/dasglasauge_Fotolia_34280918_S1.jpg","type":"image\/jpeg"}],"author":"marita","twitter_card":"summary_large_image","twitter_misc":{"Verfasst von":"marita","Gesch\u00e4tzte Lesezeit":"2\u00a0Minuten"},"schema":{"@context":"https:\/\/schema.org","@graph":[{"@type":"Article","@id":"https:\/\/www.umweltaktivisten.de\/index.php\/2016\/12\/04\/option-zwischenlager-neubau-in-juelich-sind-zehn-jahre-realistisch\/#article","isPartOf":{"@id":"https:\/\/www.umweltaktivisten.de\/index.php\/2016\/12\/04\/option-zwischenlager-neubau-in-juelich-sind-zehn-jahre-realistisch\/"},"author":{"name":"marita","@id":"https:\/\/www.umweltaktivisten.de\/#\/schema\/person\/af601319cc34a906612869cf3b4fd51a"},"headline":"Option Zwischenlager-Neubau in J\u00fclich: Sind 10 Jahre realistisch?","datePublished":"2016-12-04T22:03:08+00:00","dateModified":"2017-03-30T23:02:07+00:00","mainEntityOfPage":{"@id":"https:\/\/www.umweltaktivisten.de\/index.php\/2016\/12\/04\/option-zwischenlager-neubau-in-juelich-sind-zehn-jahre-realistisch\/"},"wordCount":449,"image":{"@id":"https:\/\/www.umweltaktivisten.de\/index.php\/2016\/12\/04\/option-zwischenlager-neubau-in-juelich-sind-zehn-jahre-realistisch\/#primaryimage"},"thumbnailUrl":"https:\/\/www.umweltaktivisten.de\/wp-content\/uploads\/2016\/12\/dasglasauge_Fotolia_34280918_S1.jpg","keywords":["BI \"Kein Castor in Ahaus\"","B\u00fcndnis gegen Castor-Exporte","Castor-Exporte","Castoren","JEN","STOP Westcastor"],"inLanguage":"de"},{"@type":"WebPage","@id":"https:\/\/www.umweltaktivisten.de\/index.php\/2016\/12\/04\/option-zwischenlager-neubau-in-juelich-sind-zehn-jahre-realistisch\/","url":"https:\/\/www.umweltaktivisten.de\/index.php\/2016\/12\/04\/option-zwischenlager-neubau-in-juelich-sind-zehn-jahre-realistisch\/","name":"Wird die \u00d6ffentlichkeit get\u00e4uscht: 10 Jahre f\u00fcr Zwischenlager-Neubau?","isPartOf":{"@id":"https:\/\/www.umweltaktivisten.de\/#website"},"primaryImageOfPage":{"@id":"https:\/\/www.umweltaktivisten.de\/index.php\/2016\/12\/04\/option-zwischenlager-neubau-in-juelich-sind-zehn-jahre-realistisch\/#primaryimage"},"image":{"@id":"https:\/\/www.umweltaktivisten.de\/index.php\/2016\/12\/04\/option-zwischenlager-neubau-in-juelich-sind-zehn-jahre-realistisch\/#primaryimage"},"thumbnailUrl":"https:\/\/www.umweltaktivisten.de\/wp-content\/uploads\/2016\/12\/dasglasauge_Fotolia_34280918_S1.jpg","datePublished":"2016-12-04T22:03:08+00:00","dateModified":"2017-03-30T23:02:07+00:00","author":{"@id":"https:\/\/www.umweltaktivisten.de\/#\/schema\/person\/af601319cc34a906612869cf3b4fd51a"},"description":"Atomkraftgegner sehen sich in ihrer Kritik an den irref\u00fchrenden Aussagen der Verantwortlichen f\u00fcr die 152 Castoren aus J\u00fclich best\u00e4tigt.","breadcrumb":{"@id":"https:\/\/www.umweltaktivisten.de\/index.php\/2016\/12\/04\/option-zwischenlager-neubau-in-juelich-sind-zehn-jahre-realistisch\/#breadcrumb"},"inLanguage":"de","potentialAction":[{"@type":"ReadAction","target":["https:\/\/www.umweltaktivisten.de\/index.php\/2016\/12\/04\/option-zwischenlager-neubau-in-juelich-sind-zehn-jahre-realistisch\/"]}]},{"@type":"ImageObject","inLanguage":"de","@id":"https:\/\/www.umweltaktivisten.de\/index.php\/2016\/12\/04\/option-zwischenlager-neubau-in-juelich-sind-zehn-jahre-realistisch\/#primaryimage","url":"https:\/\/www.umweltaktivisten.de\/wp-content\/uploads\/2016\/12\/dasglasauge_Fotolia_34280918_S1.jpg","contentUrl":"https:\/\/www.umweltaktivisten.de\/wp-content\/uploads\/2016\/12\/dasglasauge_Fotolia_34280918_S1.jpg","width":300,"height":200,"caption":"Grafik: dasglasauge (Fotolia)"},{"@type":"BreadcrumbList","@id":"https:\/\/www.umweltaktivisten.de\/index.php\/2016\/12\/04\/option-zwischenlager-neubau-in-juelich-sind-zehn-jahre-realistisch\/#breadcrumb","itemListElement":[{"@type":"ListItem","position":1,"name":"Home","item":"https:\/\/www.umweltaktivisten.de\/"},{"@type":"ListItem","position":2,"name":"Option Zwischenlager-Neubau in J\u00fclich: Sind 10 Jahre realistisch?"}]},{"@type":"WebSite","@id":"https:\/\/www.umweltaktivisten.de\/#website","url":"https:\/\/www.umweltaktivisten.de\/","name":"umweltaktivisten.de","description":"&quot;Wir haben die Erde nur von unseren Kindern geborgt&quot;","potentialAction":[{"@type":"SearchAction","target":{"@type":"EntryPoint","urlTemplate":"https:\/\/www.umweltaktivisten.de\/?s={search_term_string}"},"query-input":{"@type":"PropertyValueSpecification","valueRequired":true,"valueName":"search_term_string"}}],"inLanguage":"de"},{"@type":"Person","@id":"https:\/\/www.umweltaktivisten.de\/#\/schema\/person\/af601319cc34a906612869cf3b4fd51a","name":"marita","url":"https:\/\/www.umweltaktivisten.de\/author\/marita\/"}]}},"_links":{"self":[{"href":"https:\/\/www.umweltaktivisten.de\/index.php\/wp-json\/wp\/v2\/posts\/1695","targetHints":{"allow":["GET"]}}],"collection":[{"href":"https:\/\/www.umweltaktivisten.de\/index.php\/wp-json\/wp\/v2\/posts"}],"about":[{"href":"https:\/\/www.umweltaktivisten.de\/index.php\/wp-json\/wp\/v2\/types\/post"}],"author":[{"embeddable":true,"href":"https:\/\/www.umweltaktivisten.de\/index.php\/wp-json\/wp\/v2\/users\/1"}],"replies":[{"embeddable":true,"href":"https:\/\/www.umweltaktivisten.de\/index.php\/wp-json\/wp\/v2\/comments?post=1695"}],"version-history":[{"count":3,"href":"https:\/\/www.umweltaktivisten.de\/index.php\/wp-json\/wp\/v2\/posts\/1695\/revisions"}],"predecessor-version":[{"id":3824,"href":"https:\/\/www.umweltaktivisten.de\/index.php\/wp-json\/wp\/v2\/posts\/1695\/revisions\/3824"}],"wp:featuredmedia":[{"embeddable":true,"href":"https:\/\/www.umweltaktivisten.de\/index.php\/wp-json\/wp\/v2\/media\/1698"}],"wp:attachment":[{"href":"https:\/\/www.umweltaktivisten.de\/index.php\/wp-json\/wp\/v2\/media?parent=1695"}],"wp:term":[{"taxonomy":"category","embeddable":true,"href":"https:\/\/www.umweltaktivisten.de\/index.php\/wp-json\/wp\/v2\/categories?post=1695"},{"taxonomy":"post_tag","embeddable":true,"href":"https:\/\/www.umweltaktivisten.de\/index.php\/wp-json\/wp\/v2\/tags?post=1695"}],"curies":[{"name":"wp","href":"https:\/\/api.w.org\/{rel}","templated":true}]}}