{"id":1464,"date":"2016-10-08T23:29:24","date_gmt":"2016-10-08T21:29:24","guid":{"rendered":"http:\/\/www.umweltaktivisten.de\/?p=1464"},"modified":"2017-04-04T09:09:33","modified_gmt":"2017-04-04T07:09:33","slug":"bbu-fordert-gefahren-des-fracking-bei-der-aenderung-der-grundwasserverordnung-nicht-ausblenden","status":"publish","type":"post","link":"https:\/\/www.umweltaktivisten.de\/index.php\/2016\/10\/08\/bbu-fordert-gefahren-des-fracking-bei-der-aenderung-der-grundwasserverordnung-nicht-ausblenden\/","title":{"rendered":"BBU fordert: Gefahren des Fracking bei der \u00c4nderung der Grundwasserverordnung nicht ausblenden!"},"content":{"rendered":"<p>Der Bundesverband B\u00fcrgerinitiativen Umweltschutz (BBU e.V.) hat im Rahmen der Verb\u00e4ndeanh\u00f6rung zur \u00c4nderung der Grundwasserverord\u00adnung gefordert, die Gefahren des Fracking und der Versenkung von Lagerst\u00e4ttenwasser nicht auszublenden. Die\u00a0 bisher vorgesehenen Untersuchungs\u00adprogramme f\u00fcr die Grundwasserqualit\u00e4t m\u00fcssen um Stoffe erweitert werden, die in Frac-Fluiden sowie im Lagerst\u00e4ttenwasser enthalten sind. Anderenfalls droht eine schleichende, unbemerkte Kontamination des Grundwassers. Ein Monitoring erfolgt f\u00fcr die in Frac-Fluiden und dem Gro\u00dfteil der in Lagerst\u00e4ttenwasser enthaltenen Stoffe bisher nicht.<\/p>\n<p>Foto: pixabay<\/p>\n<p>Oliver Kalusch vom Gesch\u00e4ftsf\u00fchrenden Vorstand des BBU erkl\u00e4rt hierzu: \u201eFracking und das Versenken von Lagerst\u00e4ttenwasser stellen eine erhebliche Gefahr f\u00fcr das Grundwas\u00adser dar. Auch mit dem k\u00fcrzlich verabschiedeten Fracking-Recht ist Fracking nicht verboten. Vielmehr kann die Fracking-Technik in Tight-Gas-Reservoirs Anwendung finden. Dem ste\u00adhen bisher keine geeigneten Konzepte f\u00fcr ein custom jerseys systematisches und umfassendes Monitoring im Bereich des Grundwassers gegen\u00fcber. Die sachgerechte L\u00f6sung w\u00e4re ein ausnahms\u00adloses Verbot von Fracking und der Verpressung von Lagerst\u00e4ttenwasser in den Unter\u00adgrund. Solange dies nicht geschieht, sollte die Problematik des notwendigen Monitorings im Rahmen der \u00c4nderung der Grundwasserverordnung gel\u00f6st werden. Dazu muss festge\u00adlegt werden, dass die f\u00fcr Fracking typischen Substanzen ermittelt werden. Nur so kann er\u00adreicht werden, dass aus dem Fracking resultierende Grundwasserbeeintr\u00e4chtigungen be\u00adurteilt und unterbunden werden. Eine Verschlechterung des chemischen Zustands des Grundwassers ist nicht hinnehmbar.\u201c<\/p>\n<p>Die Stellungnahme des BBU zur 1. Verordnung zur \u00c4nderung der<br \/>\nGrundwasserverordnung ist abrufbar unter <a class=\"moz-txt-link-freetext\" href=\"http:\/\/bbu-online.de\" target=\"_blank\" rel=\"noopener\">http:\/\/bbu-online.de<\/a>. Direktlink:<br \/>\n<a class=\"moz-txt-link-freetext\" href=\"http:\/\/bbu-online.de\/Stellungnahmen\/GrwV-Ae1.pdf\" target=\"_blank\" rel=\"noopener\">http:\/\/bbu-online.de\/Stellungnahmen\/GrwV-Ae1.pdf<\/a><\/p>\n<p>(PM des BBU)<\/p>\n<p>&nbsp;<\/p>\n","protected":false},"excerpt":{"rendered":"<p>Der Bundesverband B\u00fcrgerinitiativen Umweltschutz (BBU e.V.) hat im Rahmen der Verb\u00e4ndeanh\u00f6rung zur \u00c4nderung der Grundwasserverord\u00adnung gefordert, die Gefahren des Fracking und der Versenkung von Lagerst\u00e4ttenwasser nicht auszublenden. Die\u00a0 bisher vorgesehenen Untersuchungs\u00adprogramme f\u00fcr die Grundwasserqualit\u00e4t m\u00fcssen um Stoffe erweitert werden, die in Frac-Fluiden sowie im Lagerst\u00e4ttenwasser enthalten sind. Anderenfalls droht eine\u2026<\/p>\n<p class=\"continue-reading-button\"> <a class=\"continue-reading-link\" href=\"https:\/\/www.umweltaktivisten.de\/index.php\/2016\/10\/08\/bbu-fordert-gefahren-des-fracking-bei-der-aenderung-der-grundwasserverordnung-nicht-ausblenden\/\">weiter &#8230;<i class=\"crycon-right-dir\"><\/i><\/a><\/p>\n","protected":false},"author":1,"featured_media":0,"comment_status":"closed","ping_status":"closed","sticky":false,"template":"","format":"standard","meta":{"footnotes":""},"categories":[19,11],"tags":[200,90,197,198,199],"class_list":["post-1464","post","type-post","status-publish","format-standard","hentry","category-fracking","category-inofrack","tag-frac-fluide","tag-fracking","tag-grundwasser","tag-grundwasserverordnung","tag-lagerstaettenwasser"],"yoast_head":"<!-- This site is optimized with the Yoast SEO plugin v27.5 - https:\/\/yoast.com\/product\/yoast-seo-wordpress\/ -->\n<title>Gefahren des Fracking bei der \u00c4nderung der Grundwasserverordnung<\/title>\n<meta name=\"description\" content=\"Gefahren des Fracking bei der \u00c4nderung der Grundwasserverordnung nicht ausblenden.\" \/>\n<meta name=\"robots\" content=\"index, nofollow, max-snippet:-1, max-image-preview:large, max-video-preview:-1\" \/>\n<link rel=\"canonical\" href=\"https:\/\/www.umweltaktivisten.de\/index.php\/2016\/10\/08\/bbu-fordert-gefahren-des-fracking-bei-der-aenderung-der-grundwasserverordnung-nicht-ausblenden\/\" \/>\n<meta property=\"og:locale\" content=\"de_DE\" \/>\n<meta property=\"og:type\" content=\"article\" \/>\n<meta property=\"og:title\" content=\"Gefahren des Fracking bei der \u00c4nderung der Grundwasserverordnung\" \/>\n<meta property=\"og:description\" content=\"Gefahren des Fracking bei der \u00c4nderung der Grundwasserverordnung nicht ausblenden.\" \/>\n<meta property=\"og:url\" content=\"https:\/\/www.umweltaktivisten.de\/index.php\/2016\/10\/08\/bbu-fordert-gefahren-des-fracking-bei-der-aenderung-der-grundwasserverordnung-nicht-ausblenden\/\" \/>\n<meta property=\"og:site_name\" content=\"umweltaktivisten.de\" \/>\n<meta property=\"article:published_time\" content=\"2016-10-08T21:29:24+00:00\" \/>\n<meta property=\"article:modified_time\" content=\"2017-04-04T07:09:33+00:00\" \/>\n<meta name=\"author\" content=\"marita\" \/>\n<meta name=\"twitter:card\" content=\"summary_large_image\" \/>\n<meta name=\"twitter:label1\" content=\"Verfasst von\" \/>\n\t<meta name=\"twitter:data1\" content=\"marita\" \/>\n\t<meta name=\"twitter:label2\" content=\"Gesch\u00e4tzte Lesezeit\" \/>\n\t<meta name=\"twitter:data2\" content=\"1\u00a0Minute\" \/>\n<script type=\"application\/ld+json\" class=\"yoast-schema-graph\">{\"@context\":\"https:\\\/\\\/schema.org\",\"@graph\":[{\"@type\":\"Article\",\"@id\":\"https:\\\/\\\/www.umweltaktivisten.de\\\/index.php\\\/2016\\\/10\\\/08\\\/bbu-fordert-gefahren-des-fracking-bei-der-aenderung-der-grundwasserverordnung-nicht-ausblenden\\\/#article\",\"isPartOf\":{\"@id\":\"https:\\\/\\\/www.umweltaktivisten.de\\\/index.php\\\/2016\\\/10\\\/08\\\/bbu-fordert-gefahren-des-fracking-bei-der-aenderung-der-grundwasserverordnung-nicht-ausblenden\\\/\"},\"author\":{\"name\":\"marita\",\"@id\":\"https:\\\/\\\/www.umweltaktivisten.de\\\/#\\\/schema\\\/person\\\/af601319cc34a906612869cf3b4fd51a\"},\"headline\":\"BBU fordert: Gefahren des Fracking bei der \u00c4nderung der Grundwasserverordnung nicht ausblenden!\",\"datePublished\":\"2016-10-08T21:29:24+00:00\",\"dateModified\":\"2017-04-04T07:09:33+00:00\",\"mainEntityOfPage\":{\"@id\":\"https:\\\/\\\/www.umweltaktivisten.de\\\/index.php\\\/2016\\\/10\\\/08\\\/bbu-fordert-gefahren-des-fracking-bei-der-aenderung-der-grundwasserverordnung-nicht-ausblenden\\\/\"},\"wordCount\":280,\"keywords\":[\"Frac-Fluide\",\"Fracking\",\"Grundwasser\",\"Grundwasserverordnung\",\"Lagerst\u00e4ttenwasser\"],\"articleSection\":[\"Fracking\",\"inofrack\"],\"inLanguage\":\"de\"},{\"@type\":\"WebPage\",\"@id\":\"https:\\\/\\\/www.umweltaktivisten.de\\\/index.php\\\/2016\\\/10\\\/08\\\/bbu-fordert-gefahren-des-fracking-bei-der-aenderung-der-grundwasserverordnung-nicht-ausblenden\\\/\",\"url\":\"https:\\\/\\\/www.umweltaktivisten.de\\\/index.php\\\/2016\\\/10\\\/08\\\/bbu-fordert-gefahren-des-fracking-bei-der-aenderung-der-grundwasserverordnung-nicht-ausblenden\\\/\",\"name\":\"Gefahren des Fracking bei der \u00c4nderung der Grundwasserverordnung\",\"isPartOf\":{\"@id\":\"https:\\\/\\\/www.umweltaktivisten.de\\\/#website\"},\"datePublished\":\"2016-10-08T21:29:24+00:00\",\"dateModified\":\"2017-04-04T07:09:33+00:00\",\"author\":{\"@id\":\"https:\\\/\\\/www.umweltaktivisten.de\\\/#\\\/schema\\\/person\\\/af601319cc34a906612869cf3b4fd51a\"},\"description\":\"Gefahren des Fracking bei der \u00c4nderung der Grundwasserverordnung nicht ausblenden.\",\"breadcrumb\":{\"@id\":\"https:\\\/\\\/www.umweltaktivisten.de\\\/index.php\\\/2016\\\/10\\\/08\\\/bbu-fordert-gefahren-des-fracking-bei-der-aenderung-der-grundwasserverordnung-nicht-ausblenden\\\/#breadcrumb\"},\"inLanguage\":\"de\",\"potentialAction\":[{\"@type\":\"ReadAction\",\"target\":[\"https:\\\/\\\/www.umweltaktivisten.de\\\/index.php\\\/2016\\\/10\\\/08\\\/bbu-fordert-gefahren-des-fracking-bei-der-aenderung-der-grundwasserverordnung-nicht-ausblenden\\\/\"]}]},{\"@type\":\"BreadcrumbList\",\"@id\":\"https:\\\/\\\/www.umweltaktivisten.de\\\/index.php\\\/2016\\\/10\\\/08\\\/bbu-fordert-gefahren-des-fracking-bei-der-aenderung-der-grundwasserverordnung-nicht-ausblenden\\\/#breadcrumb\",\"itemListElement\":[{\"@type\":\"ListItem\",\"position\":1,\"name\":\"Home\",\"item\":\"https:\\\/\\\/www.umweltaktivisten.de\\\/\"},{\"@type\":\"ListItem\",\"position\":2,\"name\":\"BBU fordert: Gefahren des Fracking bei der \u00c4nderung der Grundwasserverordnung nicht ausblenden!\"}]},{\"@type\":\"WebSite\",\"@id\":\"https:\\\/\\\/www.umweltaktivisten.de\\\/#website\",\"url\":\"https:\\\/\\\/www.umweltaktivisten.de\\\/\",\"name\":\"umweltaktivisten.de\",\"description\":\"&quot;Wir haben die Erde nur von unseren Kindern geborgt&quot;\",\"potentialAction\":[{\"@type\":\"SearchAction\",\"target\":{\"@type\":\"EntryPoint\",\"urlTemplate\":\"https:\\\/\\\/www.umweltaktivisten.de\\\/?s={search_term_string}\"},\"query-input\":{\"@type\":\"PropertyValueSpecification\",\"valueRequired\":true,\"valueName\":\"search_term_string\"}}],\"inLanguage\":\"de\"},{\"@type\":\"Person\",\"@id\":\"https:\\\/\\\/www.umweltaktivisten.de\\\/#\\\/schema\\\/person\\\/af601319cc34a906612869cf3b4fd51a\",\"name\":\"marita\",\"url\":\"https:\\\/\\\/www.umweltaktivisten.de\\\/author\\\/marita\\\/\"}]}<\/script>\n<!-- \/ Yoast SEO plugin. -->","yoast_head_json":{"title":"Gefahren des Fracking bei der \u00c4nderung der Grundwasserverordnung","description":"Gefahren des Fracking bei der \u00c4nderung der Grundwasserverordnung nicht ausblenden.","robots":{"index":"index","follow":"nofollow","max-snippet":"max-snippet:-1","max-image-preview":"max-image-preview:large","max-video-preview":"max-video-preview:-1"},"canonical":"https:\/\/www.umweltaktivisten.de\/index.php\/2016\/10\/08\/bbu-fordert-gefahren-des-fracking-bei-der-aenderung-der-grundwasserverordnung-nicht-ausblenden\/","og_locale":"de_DE","og_type":"article","og_title":"Gefahren des Fracking bei der \u00c4nderung der Grundwasserverordnung","og_description":"Gefahren des Fracking bei der \u00c4nderung der Grundwasserverordnung nicht ausblenden.","og_url":"https:\/\/www.umweltaktivisten.de\/index.php\/2016\/10\/08\/bbu-fordert-gefahren-des-fracking-bei-der-aenderung-der-grundwasserverordnung-nicht-ausblenden\/","og_site_name":"umweltaktivisten.de","article_published_time":"2016-10-08T21:29:24+00:00","article_modified_time":"2017-04-04T07:09:33+00:00","author":"marita","twitter_card":"summary_large_image","twitter_misc":{"Verfasst von":"marita","Gesch\u00e4tzte Lesezeit":"1\u00a0Minute"},"schema":{"@context":"https:\/\/schema.org","@graph":[{"@type":"Article","@id":"https:\/\/www.umweltaktivisten.de\/index.php\/2016\/10\/08\/bbu-fordert-gefahren-des-fracking-bei-der-aenderung-der-grundwasserverordnung-nicht-ausblenden\/#article","isPartOf":{"@id":"https:\/\/www.umweltaktivisten.de\/index.php\/2016\/10\/08\/bbu-fordert-gefahren-des-fracking-bei-der-aenderung-der-grundwasserverordnung-nicht-ausblenden\/"},"author":{"name":"marita","@id":"https:\/\/www.umweltaktivisten.de\/#\/schema\/person\/af601319cc34a906612869cf3b4fd51a"},"headline":"BBU fordert: Gefahren des Fracking bei der \u00c4nderung der Grundwasserverordnung nicht ausblenden!","datePublished":"2016-10-08T21:29:24+00:00","dateModified":"2017-04-04T07:09:33+00:00","mainEntityOfPage":{"@id":"https:\/\/www.umweltaktivisten.de\/index.php\/2016\/10\/08\/bbu-fordert-gefahren-des-fracking-bei-der-aenderung-der-grundwasserverordnung-nicht-ausblenden\/"},"wordCount":280,"keywords":["Frac-Fluide","Fracking","Grundwasser","Grundwasserverordnung","Lagerst\u00e4ttenwasser"],"articleSection":["Fracking","inofrack"],"inLanguage":"de"},{"@type":"WebPage","@id":"https:\/\/www.umweltaktivisten.de\/index.php\/2016\/10\/08\/bbu-fordert-gefahren-des-fracking-bei-der-aenderung-der-grundwasserverordnung-nicht-ausblenden\/","url":"https:\/\/www.umweltaktivisten.de\/index.php\/2016\/10\/08\/bbu-fordert-gefahren-des-fracking-bei-der-aenderung-der-grundwasserverordnung-nicht-ausblenden\/","name":"Gefahren des Fracking bei der \u00c4nderung der Grundwasserverordnung","isPartOf":{"@id":"https:\/\/www.umweltaktivisten.de\/#website"},"datePublished":"2016-10-08T21:29:24+00:00","dateModified":"2017-04-04T07:09:33+00:00","author":{"@id":"https:\/\/www.umweltaktivisten.de\/#\/schema\/person\/af601319cc34a906612869cf3b4fd51a"},"description":"Gefahren des Fracking bei der \u00c4nderung der Grundwasserverordnung nicht ausblenden.","breadcrumb":{"@id":"https:\/\/www.umweltaktivisten.de\/index.php\/2016\/10\/08\/bbu-fordert-gefahren-des-fracking-bei-der-aenderung-der-grundwasserverordnung-nicht-ausblenden\/#breadcrumb"},"inLanguage":"de","potentialAction":[{"@type":"ReadAction","target":["https:\/\/www.umweltaktivisten.de\/index.php\/2016\/10\/08\/bbu-fordert-gefahren-des-fracking-bei-der-aenderung-der-grundwasserverordnung-nicht-ausblenden\/"]}]},{"@type":"BreadcrumbList","@id":"https:\/\/www.umweltaktivisten.de\/index.php\/2016\/10\/08\/bbu-fordert-gefahren-des-fracking-bei-der-aenderung-der-grundwasserverordnung-nicht-ausblenden\/#breadcrumb","itemListElement":[{"@type":"ListItem","position":1,"name":"Home","item":"https:\/\/www.umweltaktivisten.de\/"},{"@type":"ListItem","position":2,"name":"BBU fordert: Gefahren des Fracking bei der \u00c4nderung der Grundwasserverordnung nicht ausblenden!"}]},{"@type":"WebSite","@id":"https:\/\/www.umweltaktivisten.de\/#website","url":"https:\/\/www.umweltaktivisten.de\/","name":"umweltaktivisten.de","description":"&quot;Wir haben die Erde nur von unseren Kindern geborgt&quot;","potentialAction":[{"@type":"SearchAction","target":{"@type":"EntryPoint","urlTemplate":"https:\/\/www.umweltaktivisten.de\/?s={search_term_string}"},"query-input":{"@type":"PropertyValueSpecification","valueRequired":true,"valueName":"search_term_string"}}],"inLanguage":"de"},{"@type":"Person","@id":"https:\/\/www.umweltaktivisten.de\/#\/schema\/person\/af601319cc34a906612869cf3b4fd51a","name":"marita","url":"https:\/\/www.umweltaktivisten.de\/author\/marita\/"}]}},"_links":{"self":[{"href":"https:\/\/www.umweltaktivisten.de\/index.php\/wp-json\/wp\/v2\/posts\/1464","targetHints":{"allow":["GET"]}}],"collection":[{"href":"https:\/\/www.umweltaktivisten.de\/index.php\/wp-json\/wp\/v2\/posts"}],"about":[{"href":"https:\/\/www.umweltaktivisten.de\/index.php\/wp-json\/wp\/v2\/types\/post"}],"author":[{"embeddable":true,"href":"https:\/\/www.umweltaktivisten.de\/index.php\/wp-json\/wp\/v2\/users\/1"}],"replies":[{"embeddable":true,"href":"https:\/\/www.umweltaktivisten.de\/index.php\/wp-json\/wp\/v2\/comments?post=1464"}],"version-history":[{"count":3,"href":"https:\/\/www.umweltaktivisten.de\/index.php\/wp-json\/wp\/v2\/posts\/1464\/revisions"}],"predecessor-version":[{"id":2089,"href":"https:\/\/www.umweltaktivisten.de\/index.php\/wp-json\/wp\/v2\/posts\/1464\/revisions\/2089"}],"wp:attachment":[{"href":"https:\/\/www.umweltaktivisten.de\/index.php\/wp-json\/wp\/v2\/media?parent=1464"}],"wp:term":[{"taxonomy":"category","embeddable":true,"href":"https:\/\/www.umweltaktivisten.de\/index.php\/wp-json\/wp\/v2\/categories?post=1464"},{"taxonomy":"post_tag","embeddable":true,"href":"https:\/\/www.umweltaktivisten.de\/index.php\/wp-json\/wp\/v2\/tags?post=1464"}],"curies":[{"name":"wp","href":"https:\/\/api.w.org\/{rel}","templated":true}]}}