{"id":1423,"date":"2016-10-05T23:38:07","date_gmt":"2016-10-05T21:38:07","guid":{"rendered":"http:\/\/www.umweltaktivisten.de\/?p=1423"},"modified":"2017-04-06T20:23:58","modified_gmt":"2017-04-06T18:23:58","slug":"atommuell-bergung-ist-noch-keine-loesung","status":"publish","type":"post","link":"https:\/\/www.umweltaktivisten.de\/index.php\/2016\/10\/05\/atommuell-bergung-ist-noch-keine-loesung\/","title":{"rendered":"Atomm\u00fcll-Bergung ist noch keine L\u00f6sung"},"content":{"rendered":"<p><a href=\"https:\/\/www.umweltaktivisten.de\/wp-content\/uploads\/2016\/07\/BBU.png\"><img loading=\"lazy\" decoding=\"async\" class=\"size-full wp-image-1289 alignleft\" src=\"https:\/\/www.umweltaktivisten.de\/wp-content\/uploads\/2016\/07\/BBU.png\" alt=\"BBU\" width=\"197\" height=\"198\" \/><\/a> <strong>Bonn, Kiel. Nach der\u00a0 sogenannten Bergung von rund 200 maroden Atomm\u00fcllf\u00e4ssern beim Atomkraftwerk (AKW) Brunsb\u00fcttel\u00a0 warnt der Bundesverband B\u00fcrgerinitiativen Umweltschutz (BBU) vor der weiteren Atomm\u00fcll-Produktion\u00a0 in anderen Atomkraftwerken sowie in Uranfabriken.<\/strong><br \/>\nDer BBU betont, dass die Bergung der Atomm\u00fcllf\u00e4sser noch lange keine L\u00f6sung des Atomm\u00fcllproblems in Brunsb\u00fcttel darstellt. Die f\u00fcr einen sp\u00e4teren Zeitpunkt angedachte Lagerung des Atomm\u00fclls im Schacht Konrad bei Salzgitter ist absolut strittig. Die Anti-Atomkraft-Bewegung lehnt das Endlagerprojekt aus Sicherheitsgr\u00fcnden ab und wird weiterhin Proteste gegen die drohende Atomm\u00fclleinlagerung organisieren.<\/p>\n<div id=\"attachment_1430\" style=\"width: 403px\" class=\"wp-caption aligncenter\"><img loading=\"lazy\" decoding=\"async\" aria-describedby=\"caption-attachment-1430\" class=\"wp-image-1430 \" src=\"https:\/\/www.umweltaktivisten.de\/wp-content\/uploads\/2016\/10\/ton-250334_1280-1-bykst-1024x576.jpg\" width=\"393\" height=\"221\" srcset=\"https:\/\/www.umweltaktivisten.de\/wp-content\/uploads\/2016\/10\/ton-250334_1280-1-bykst-1024x576.jpg 1024w, https:\/\/www.umweltaktivisten.de\/wp-content\/uploads\/2016\/10\/ton-250334_1280-1-bykst-300x169.jpg 300w, https:\/\/www.umweltaktivisten.de\/wp-content\/uploads\/2016\/10\/ton-250334_1280-1-bykst-150x84.jpg 150w, https:\/\/www.umweltaktivisten.de\/wp-content\/uploads\/2016\/10\/ton-250334_1280-1-bykst.jpg 1280w\" sizes=\"auto, (max-width: 393px) 100vw, 393px\" \/><p id=\"caption-attachment-1430\" class=\"wp-caption-text\">Grafik: bykst, pixabay<\/p><\/div>\n<p>Der BBU fordert, dass angesichts der zahlreichen Probleme mit dem Verbleib des Atomm\u00fclls aus Atomkraftwerken und Uranfabriken kein weiterer Atomm\u00fcll mehr produziert werden darf. \u201eWer die rostigen Brunsb\u00fctteler Atomm\u00fcllf\u00e4sser vor Augen hat, kann den Weiterbetrieb von AKW und anderen Atomanlagen nicht tatenlos hinnehmen. Der Weiterbetrieb der Anlagen beschert uns und den Nachkommen hochgef\u00e4hrlichen Atomm\u00fcll\u201c, so Udo Buchholz vom BBU-Vorstand.<\/p>\n<p>Buchholz weiter: \u201eSchleswig-Holsteins Umweltminister Robert Habeck muss die \u00d6ffentlichkeit umfassend \u00fcber die Inhalte der Atomm\u00fcllf\u00e4sser in Brunsb\u00fcttel aufkl\u00e4ren. Zudem muss er zum Schutz der Bev\u00f6lkerung die sofortige und endg\u00fcltige Stilllegung\u00a0 des AKW Brokdorf veranlassen, damit dort nicht auch noch weiterer Atomm\u00fcll anf\u00e4llt.\u201c Generell fordert der BBU die sofortige Stilllegung aller Atomanlagen.<\/p>\n<div id=\"attachment_1737\" style=\"width: 403px\" class=\"wp-caption aligncenter\"><img loading=\"lazy\" decoding=\"async\" aria-describedby=\"caption-attachment-1737\" class=\" wp-image-1737\" src=\"https:\/\/www.umweltaktivisten.de\/wp-content\/uploads\/2016\/12\/Castoren-Original-800x600.png\" alt=\"\" width=\"393\" height=\"262\" srcset=\"https:\/\/www.umweltaktivisten.de\/wp-content\/uploads\/2016\/12\/Castoren-Original-800x600.png 800w, https:\/\/www.umweltaktivisten.de\/wp-content\/uploads\/2016\/12\/Castoren-Original-800x600-300x200.png 300w, https:\/\/www.umweltaktivisten.de\/wp-content\/uploads\/2016\/12\/Castoren-Original-800x600-150x100.png 150w\" sizes=\"auto, (max-width: 393px) 100vw, 393px\" \/><p id=\"caption-attachment-1737\" class=\"wp-caption-text\">\u00a9 Marita Boslar<\/p><\/div>\n<p>Am 6. Oktober findet ab 14 Uhr vor dem Haupttor des AKW Brokdorf die monatliche Anti-Atomkraft-Mahnwache statt. Eine gr\u00f6\u00dfere, \u00fcber\u00f6rtliche Anti-Atomkraft-Demonstration wird am 29. Oktober am Atomstandort Lingen (Niedersachsen) stattfinden.<\/p>\n<p>Informationen: <a href=\"http:\/\/lebensgemeinschaft.basisgemeinde.de\" target=\"_blank\" rel=\"noopener\">http:\/\/lebensgemeinschaft.basisgemeinde.de,<\/a><br \/>\n<a href=\"http:\/\/www.lingen-demo.de\" target=\"_blank\" rel=\"noopener\">www.lingen-demo.de<\/a><\/p>\n<p>Informationen \u00fcber den BBU und seine Aktivit\u00e4ten gibt es im Internet unter<a href=\"http:\/\/bbu-online.de\" target=\"_blank\" rel=\"noopener\"> http:\/\/bbu-online.de<\/a>, telefonisch unter 0228-214032. Die Facebook-Adresse lautet <a href=\"http:\/\/www.facebook.com\/BBU72\" target=\"_blank\" rel=\"noopener\">www.facebook.com\/BBU72<\/a>. Postanschrift: BBU, Prinz-Albert-Str. 55, 53113 Bonn.<\/p>\n<p>Der BBU ist der Dachverband zahlreicher B\u00fcrgerinitiativen,<br \/>\nUmweltverb\u00e4nde und Einzelmitglieder. Er wurde 1972 gegr\u00fcndet und hat seinen Sitz in Bonn. Weitere Umweltgruppen, Aktionsb\u00fcndnisse und engagierte Privatpersonen sind aufgerufen, dem BBU beizutreten um die themen\u00fcbergreifende Vernetzung der Umweltschutzbewegung zu verst\u00e4rken.<br \/>\nDer BBU engagiert sich u. a. f\u00fcr menschen- und umweltfreundliche<br \/>\nVerkehrskonzepte, f\u00fcr den sofortigen und weltweiten Atomausstieg, gegen die gef\u00e4hrliche CO2-Endlagerung, gegen Fracking und f\u00fcr umweltfreundliche Energiequellen.<\/p>\n","protected":false},"excerpt":{"rendered":"<p>Bonn, Kiel. Nach der\u00a0 sogenannten Bergung von rund 200 maroden Atomm\u00fcllf\u00e4ssern beim Atomkraftwerk (AKW) Brunsb\u00fcttel\u00a0 warnt der Bundesverband B\u00fcrgerinitiativen Umweltschutz (BBU) vor der weiteren Atomm\u00fcll-Produktion\u00a0 in anderen Atomkraftwerken sowie in Uranfabriken. Der BBU betont, dass die Bergung der Atomm\u00fcllf\u00e4sser noch lange keine L\u00f6sung des Atomm\u00fcllproblems in Brunsb\u00fcttel darstellt. Die f\u00fcr\u2026<\/p>\n<p class=\"continue-reading-button\"> <a class=\"continue-reading-link\" href=\"https:\/\/www.umweltaktivisten.de\/index.php\/2016\/10\/05\/atommuell-bergung-ist-noch-keine-loesung\/\">weiter &#8230;<i class=\"crycon-right-dir\"><\/i><\/a><\/p>\n","protected":false},"author":1,"featured_media":1429,"comment_status":"closed","ping_status":"closed","sticky":false,"template":"","format":"standard","meta":{"footnotes":""},"categories":[21],"tags":[189,188,191,187,190],"class_list":["post-1423","post","type-post","status-publish","format-standard","has-post-thumbnail","hentry","category-atom","tag-basisgemeinschaft-wulfshagenerhuetten","tag-bbu","tag-brennelementefabrik-lingen","tag-brunsbuettel","tag-lingen"],"yoast_head":"<!-- This site is optimized with the Yoast SEO plugin v27.4 - https:\/\/yoast.com\/product\/yoast-seo-wordpress\/ -->\n<title>Atomm\u00fcll-Bergung ist noch keine L\u00f6sung - umweltaktivisten.de<\/title>\n<meta name=\"robots\" content=\"index, nofollow, max-snippet:-1, max-image-preview:large, max-video-preview:-1\" \/>\n<link rel=\"canonical\" href=\"https:\/\/www.umweltaktivisten.de\/index.php\/2016\/10\/05\/atommuell-bergung-ist-noch-keine-loesung\/\" \/>\n<meta property=\"og:locale\" content=\"de_DE\" \/>\n<meta property=\"og:type\" content=\"article\" \/>\n<meta property=\"og:title\" content=\"Atomm\u00fcll-Bergung ist noch keine L\u00f6sung - umweltaktivisten.de\" \/>\n<meta property=\"og:description\" content=\"Bonn, Kiel. Nach der\u00a0 sogenannten Bergung von rund 200 maroden Atomm\u00fcllf\u00e4ssern beim Atomkraftwerk (AKW) Brunsb\u00fcttel\u00a0 warnt der Bundesverband B\u00fcrgerinitiativen Umweltschutz (BBU) vor der weiteren Atomm\u00fcll-Produktion\u00a0 in anderen Atomkraftwerken sowie in Uranfabriken. Der BBU betont, dass die Bergung der Atomm\u00fcllf\u00e4sser noch lange keine L\u00f6sung des Atomm\u00fcllproblems in Brunsb\u00fcttel darstellt. Die f\u00fcr\u2026 weiter ...\" \/>\n<meta property=\"og:url\" content=\"https:\/\/www.umweltaktivisten.de\/index.php\/2016\/10\/05\/atommuell-bergung-ist-noch-keine-loesung\/\" \/>\n<meta property=\"og:site_name\" content=\"umweltaktivisten.de\" \/>\n<meta property=\"article:published_time\" content=\"2016-10-05T21:38:07+00:00\" \/>\n<meta property=\"article:modified_time\" content=\"2017-04-06T18:23:58+00:00\" \/>\n<meta property=\"og:image\" content=\"https:\/\/www.umweltaktivisten.de\/wp-content\/uploads\/2016\/10\/bykst_Tonne.jpg\" \/>\n\t<meta property=\"og:image:width\" content=\"356\" \/>\n\t<meta property=\"og:image:height\" content=\"200\" \/>\n\t<meta property=\"og:image:type\" content=\"image\/jpeg\" \/>\n<meta name=\"author\" content=\"marita\" \/>\n<meta name=\"twitter:card\" content=\"summary_large_image\" \/>\n<meta name=\"twitter:label1\" content=\"Verfasst von\" \/>\n\t<meta name=\"twitter:data1\" content=\"marita\" \/>\n\t<meta name=\"twitter:label2\" content=\"Gesch\u00e4tzte Lesezeit\" \/>\n\t<meta name=\"twitter:data2\" content=\"2\u00a0Minuten\" \/>\n<script type=\"application\/ld+json\" class=\"yoast-schema-graph\">{\"@context\":\"https:\\\/\\\/schema.org\",\"@graph\":[{\"@type\":\"Article\",\"@id\":\"https:\\\/\\\/www.umweltaktivisten.de\\\/index.php\\\/2016\\\/10\\\/05\\\/atommuell-bergung-ist-noch-keine-loesung\\\/#article\",\"isPartOf\":{\"@id\":\"https:\\\/\\\/www.umweltaktivisten.de\\\/index.php\\\/2016\\\/10\\\/05\\\/atommuell-bergung-ist-noch-keine-loesung\\\/\"},\"author\":{\"name\":\"marita\",\"@id\":\"https:\\\/\\\/www.umweltaktivisten.de\\\/#\\\/schema\\\/person\\\/af601319cc34a906612869cf3b4fd51a\"},\"headline\":\"Atomm\u00fcll-Bergung ist noch keine L\u00f6sung\",\"datePublished\":\"2016-10-05T21:38:07+00:00\",\"dateModified\":\"2017-04-06T18:23:58+00:00\",\"mainEntityOfPage\":{\"@id\":\"https:\\\/\\\/www.umweltaktivisten.de\\\/index.php\\\/2016\\\/10\\\/05\\\/atommuell-bergung-ist-noch-keine-loesung\\\/\"},\"wordCount\":390,\"image\":{\"@id\":\"https:\\\/\\\/www.umweltaktivisten.de\\\/index.php\\\/2016\\\/10\\\/05\\\/atommuell-bergung-ist-noch-keine-loesung\\\/#primaryimage\"},\"thumbnailUrl\":\"https:\\\/\\\/www.umweltaktivisten.de\\\/wp-content\\\/uploads\\\/2016\\\/10\\\/bykst_Tonne.jpg\",\"keywords\":[\"Basisgemeinschaft Wulfshagenerh\u00fctten\",\"BBU\",\"Brennelementefabrik Lingen\",\"Brunsb\u00fcttel\",\"Lingen\"],\"articleSection\":[\"Atom\"],\"inLanguage\":\"de\"},{\"@type\":\"WebPage\",\"@id\":\"https:\\\/\\\/www.umweltaktivisten.de\\\/index.php\\\/2016\\\/10\\\/05\\\/atommuell-bergung-ist-noch-keine-loesung\\\/\",\"url\":\"https:\\\/\\\/www.umweltaktivisten.de\\\/index.php\\\/2016\\\/10\\\/05\\\/atommuell-bergung-ist-noch-keine-loesung\\\/\",\"name\":\"Atomm\u00fcll-Bergung ist noch keine L\u00f6sung - umweltaktivisten.de\",\"isPartOf\":{\"@id\":\"https:\\\/\\\/www.umweltaktivisten.de\\\/#website\"},\"primaryImageOfPage\":{\"@id\":\"https:\\\/\\\/www.umweltaktivisten.de\\\/index.php\\\/2016\\\/10\\\/05\\\/atommuell-bergung-ist-noch-keine-loesung\\\/#primaryimage\"},\"image\":{\"@id\":\"https:\\\/\\\/www.umweltaktivisten.de\\\/index.php\\\/2016\\\/10\\\/05\\\/atommuell-bergung-ist-noch-keine-loesung\\\/#primaryimage\"},\"thumbnailUrl\":\"https:\\\/\\\/www.umweltaktivisten.de\\\/wp-content\\\/uploads\\\/2016\\\/10\\\/bykst_Tonne.jpg\",\"datePublished\":\"2016-10-05T21:38:07+00:00\",\"dateModified\":\"2017-04-06T18:23:58+00:00\",\"author\":{\"@id\":\"https:\\\/\\\/www.umweltaktivisten.de\\\/#\\\/schema\\\/person\\\/af601319cc34a906612869cf3b4fd51a\"},\"breadcrumb\":{\"@id\":\"https:\\\/\\\/www.umweltaktivisten.de\\\/index.php\\\/2016\\\/10\\\/05\\\/atommuell-bergung-ist-noch-keine-loesung\\\/#breadcrumb\"},\"inLanguage\":\"de\",\"potentialAction\":[{\"@type\":\"ReadAction\",\"target\":[\"https:\\\/\\\/www.umweltaktivisten.de\\\/index.php\\\/2016\\\/10\\\/05\\\/atommuell-bergung-ist-noch-keine-loesung\\\/\"]}]},{\"@type\":\"ImageObject\",\"inLanguage\":\"de\",\"@id\":\"https:\\\/\\\/www.umweltaktivisten.de\\\/index.php\\\/2016\\\/10\\\/05\\\/atommuell-bergung-ist-noch-keine-loesung\\\/#primaryimage\",\"url\":\"https:\\\/\\\/www.umweltaktivisten.de\\\/wp-content\\\/uploads\\\/2016\\\/10\\\/bykst_Tonne.jpg\",\"contentUrl\":\"https:\\\/\\\/www.umweltaktivisten.de\\\/wp-content\\\/uploads\\\/2016\\\/10\\\/bykst_Tonne.jpg\",\"width\":356,\"height\":200},{\"@type\":\"BreadcrumbList\",\"@id\":\"https:\\\/\\\/www.umweltaktivisten.de\\\/index.php\\\/2016\\\/10\\\/05\\\/atommuell-bergung-ist-noch-keine-loesung\\\/#breadcrumb\",\"itemListElement\":[{\"@type\":\"ListItem\",\"position\":1,\"name\":\"Home\",\"item\":\"https:\\\/\\\/www.umweltaktivisten.de\\\/\"},{\"@type\":\"ListItem\",\"position\":2,\"name\":\"Atomm\u00fcll-Bergung ist noch keine L\u00f6sung\"}]},{\"@type\":\"WebSite\",\"@id\":\"https:\\\/\\\/www.umweltaktivisten.de\\\/#website\",\"url\":\"https:\\\/\\\/www.umweltaktivisten.de\\\/\",\"name\":\"umweltaktivisten.de\",\"description\":\"&quot;Wir haben die Erde nur von unseren Kindern geborgt&quot;\",\"potentialAction\":[{\"@type\":\"SearchAction\",\"target\":{\"@type\":\"EntryPoint\",\"urlTemplate\":\"https:\\\/\\\/www.umweltaktivisten.de\\\/?s={search_term_string}\"},\"query-input\":{\"@type\":\"PropertyValueSpecification\",\"valueRequired\":true,\"valueName\":\"search_term_string\"}}],\"inLanguage\":\"de\"},{\"@type\":\"Person\",\"@id\":\"https:\\\/\\\/www.umweltaktivisten.de\\\/#\\\/schema\\\/person\\\/af601319cc34a906612869cf3b4fd51a\",\"name\":\"marita\",\"url\":\"https:\\\/\\\/www.umweltaktivisten.de\\\/author\\\/marita\\\/\"}]}<\/script>\n<!-- \/ Yoast SEO plugin. -->","yoast_head_json":{"title":"Atomm\u00fcll-Bergung ist noch keine L\u00f6sung - umweltaktivisten.de","robots":{"index":"index","follow":"nofollow","max-snippet":"max-snippet:-1","max-image-preview":"max-image-preview:large","max-video-preview":"max-video-preview:-1"},"canonical":"https:\/\/www.umweltaktivisten.de\/index.php\/2016\/10\/05\/atommuell-bergung-ist-noch-keine-loesung\/","og_locale":"de_DE","og_type":"article","og_title":"Atomm\u00fcll-Bergung ist noch keine L\u00f6sung - umweltaktivisten.de","og_description":"Bonn, Kiel. Nach der\u00a0 sogenannten Bergung von rund 200 maroden Atomm\u00fcllf\u00e4ssern beim Atomkraftwerk (AKW) Brunsb\u00fcttel\u00a0 warnt der Bundesverband B\u00fcrgerinitiativen Umweltschutz (BBU) vor der weiteren Atomm\u00fcll-Produktion\u00a0 in anderen Atomkraftwerken sowie in Uranfabriken. Der BBU betont, dass die Bergung der Atomm\u00fcllf\u00e4sser noch lange keine L\u00f6sung des Atomm\u00fcllproblems in Brunsb\u00fcttel darstellt. Die f\u00fcr\u2026 weiter ...","og_url":"https:\/\/www.umweltaktivisten.de\/index.php\/2016\/10\/05\/atommuell-bergung-ist-noch-keine-loesung\/","og_site_name":"umweltaktivisten.de","article_published_time":"2016-10-05T21:38:07+00:00","article_modified_time":"2017-04-06T18:23:58+00:00","og_image":[{"width":356,"height":200,"url":"https:\/\/www.umweltaktivisten.de\/wp-content\/uploads\/2016\/10\/bykst_Tonne.jpg","type":"image\/jpeg"}],"author":"marita","twitter_card":"summary_large_image","twitter_misc":{"Verfasst von":"marita","Gesch\u00e4tzte Lesezeit":"2\u00a0Minuten"},"schema":{"@context":"https:\/\/schema.org","@graph":[{"@type":"Article","@id":"https:\/\/www.umweltaktivisten.de\/index.php\/2016\/10\/05\/atommuell-bergung-ist-noch-keine-loesung\/#article","isPartOf":{"@id":"https:\/\/www.umweltaktivisten.de\/index.php\/2016\/10\/05\/atommuell-bergung-ist-noch-keine-loesung\/"},"author":{"name":"marita","@id":"https:\/\/www.umweltaktivisten.de\/#\/schema\/person\/af601319cc34a906612869cf3b4fd51a"},"headline":"Atomm\u00fcll-Bergung ist noch keine L\u00f6sung","datePublished":"2016-10-05T21:38:07+00:00","dateModified":"2017-04-06T18:23:58+00:00","mainEntityOfPage":{"@id":"https:\/\/www.umweltaktivisten.de\/index.php\/2016\/10\/05\/atommuell-bergung-ist-noch-keine-loesung\/"},"wordCount":390,"image":{"@id":"https:\/\/www.umweltaktivisten.de\/index.php\/2016\/10\/05\/atommuell-bergung-ist-noch-keine-loesung\/#primaryimage"},"thumbnailUrl":"https:\/\/www.umweltaktivisten.de\/wp-content\/uploads\/2016\/10\/bykst_Tonne.jpg","keywords":["Basisgemeinschaft Wulfshagenerh\u00fctten","BBU","Brennelementefabrik Lingen","Brunsb\u00fcttel","Lingen"],"articleSection":["Atom"],"inLanguage":"de"},{"@type":"WebPage","@id":"https:\/\/www.umweltaktivisten.de\/index.php\/2016\/10\/05\/atommuell-bergung-ist-noch-keine-loesung\/","url":"https:\/\/www.umweltaktivisten.de\/index.php\/2016\/10\/05\/atommuell-bergung-ist-noch-keine-loesung\/","name":"Atomm\u00fcll-Bergung ist noch keine L\u00f6sung - umweltaktivisten.de","isPartOf":{"@id":"https:\/\/www.umweltaktivisten.de\/#website"},"primaryImageOfPage":{"@id":"https:\/\/www.umweltaktivisten.de\/index.php\/2016\/10\/05\/atommuell-bergung-ist-noch-keine-loesung\/#primaryimage"},"image":{"@id":"https:\/\/www.umweltaktivisten.de\/index.php\/2016\/10\/05\/atommuell-bergung-ist-noch-keine-loesung\/#primaryimage"},"thumbnailUrl":"https:\/\/www.umweltaktivisten.de\/wp-content\/uploads\/2016\/10\/bykst_Tonne.jpg","datePublished":"2016-10-05T21:38:07+00:00","dateModified":"2017-04-06T18:23:58+00:00","author":{"@id":"https:\/\/www.umweltaktivisten.de\/#\/schema\/person\/af601319cc34a906612869cf3b4fd51a"},"breadcrumb":{"@id":"https:\/\/www.umweltaktivisten.de\/index.php\/2016\/10\/05\/atommuell-bergung-ist-noch-keine-loesung\/#breadcrumb"},"inLanguage":"de","potentialAction":[{"@type":"ReadAction","target":["https:\/\/www.umweltaktivisten.de\/index.php\/2016\/10\/05\/atommuell-bergung-ist-noch-keine-loesung\/"]}]},{"@type":"ImageObject","inLanguage":"de","@id":"https:\/\/www.umweltaktivisten.de\/index.php\/2016\/10\/05\/atommuell-bergung-ist-noch-keine-loesung\/#primaryimage","url":"https:\/\/www.umweltaktivisten.de\/wp-content\/uploads\/2016\/10\/bykst_Tonne.jpg","contentUrl":"https:\/\/www.umweltaktivisten.de\/wp-content\/uploads\/2016\/10\/bykst_Tonne.jpg","width":356,"height":200},{"@type":"BreadcrumbList","@id":"https:\/\/www.umweltaktivisten.de\/index.php\/2016\/10\/05\/atommuell-bergung-ist-noch-keine-loesung\/#breadcrumb","itemListElement":[{"@type":"ListItem","position":1,"name":"Home","item":"https:\/\/www.umweltaktivisten.de\/"},{"@type":"ListItem","position":2,"name":"Atomm\u00fcll-Bergung ist noch keine L\u00f6sung"}]},{"@type":"WebSite","@id":"https:\/\/www.umweltaktivisten.de\/#website","url":"https:\/\/www.umweltaktivisten.de\/","name":"umweltaktivisten.de","description":"&quot;Wir haben die Erde nur von unseren Kindern geborgt&quot;","potentialAction":[{"@type":"SearchAction","target":{"@type":"EntryPoint","urlTemplate":"https:\/\/www.umweltaktivisten.de\/?s={search_term_string}"},"query-input":{"@type":"PropertyValueSpecification","valueRequired":true,"valueName":"search_term_string"}}],"inLanguage":"de"},{"@type":"Person","@id":"https:\/\/www.umweltaktivisten.de\/#\/schema\/person\/af601319cc34a906612869cf3b4fd51a","name":"marita","url":"https:\/\/www.umweltaktivisten.de\/author\/marita\/"}]}},"_links":{"self":[{"href":"https:\/\/www.umweltaktivisten.de\/index.php\/wp-json\/wp\/v2\/posts\/1423","targetHints":{"allow":["GET"]}}],"collection":[{"href":"https:\/\/www.umweltaktivisten.de\/index.php\/wp-json\/wp\/v2\/posts"}],"about":[{"href":"https:\/\/www.umweltaktivisten.de\/index.php\/wp-json\/wp\/v2\/types\/post"}],"author":[{"embeddable":true,"href":"https:\/\/www.umweltaktivisten.de\/index.php\/wp-json\/wp\/v2\/users\/1"}],"replies":[{"embeddable":true,"href":"https:\/\/www.umweltaktivisten.de\/index.php\/wp-json\/wp\/v2\/comments?post=1423"}],"version-history":[{"count":3,"href":"https:\/\/www.umweltaktivisten.de\/index.php\/wp-json\/wp\/v2\/posts\/1423\/revisions"}],"predecessor-version":[{"id":2146,"href":"https:\/\/www.umweltaktivisten.de\/index.php\/wp-json\/wp\/v2\/posts\/1423\/revisions\/2146"}],"wp:featuredmedia":[{"embeddable":true,"href":"https:\/\/www.umweltaktivisten.de\/index.php\/wp-json\/wp\/v2\/media\/1429"}],"wp:attachment":[{"href":"https:\/\/www.umweltaktivisten.de\/index.php\/wp-json\/wp\/v2\/media?parent=1423"}],"wp:term":[{"taxonomy":"category","embeddable":true,"href":"https:\/\/www.umweltaktivisten.de\/index.php\/wp-json\/wp\/v2\/categories?post=1423"},{"taxonomy":"post_tag","embeddable":true,"href":"https:\/\/www.umweltaktivisten.de\/index.php\/wp-json\/wp\/v2\/tags?post=1423"}],"curies":[{"name":"wp","href":"https:\/\/api.w.org\/{rel}","templated":true}]}}