{"id":1389,"date":"2016-09-30T00:23:26","date_gmt":"2016-09-29T22:23:26","guid":{"rendered":"http:\/\/www.umweltaktivisten.de\/?p=1389"},"modified":"2017-04-04T09:21:10","modified_gmt":"2017-04-04T07:21:10","slug":"bundesweite-unterstuetzung-fuer-westcastor-resolution","status":"publish","type":"post","link":"https:\/\/www.umweltaktivisten.de\/index.php\/2016\/09\/30\/bundesweite-unterstuetzung-fuer-westcastor-resolution\/","title":{"rendered":"Bundesweite Unterst\u00fctzung f\u00fcr Westcastor-Resolution"},"content":{"rendered":"<div id=\"attachment_1696\" style=\"width: 428px\" class=\"wp-caption aligncenter\"><img loading=\"lazy\" decoding=\"async\" aria-describedby=\"caption-attachment-1696\" class=\" wp-image-1696\" src=\"https:\/\/www.umweltaktivisten.de\/wp-content\/uploads\/2016\/12\/dasglasauge_Fotolia_34280918_S.jpg\" alt=\"\" width=\"418\" height=\"279\" srcset=\"https:\/\/www.umweltaktivisten.de\/wp-content\/uploads\/2016\/12\/dasglasauge_Fotolia_34280918_S.jpg 849w, https:\/\/www.umweltaktivisten.de\/wp-content\/uploads\/2016\/12\/dasglasauge_Fotolia_34280918_S-300x200.jpg 300w, https:\/\/www.umweltaktivisten.de\/wp-content\/uploads\/2016\/12\/dasglasauge_Fotolia_34280918_S-150x100.jpg 150w\" sizes=\"auto, (max-width: 418px) 100vw, 418px\" \/><p id=\"caption-attachment-1696\" class=\"wp-caption-text\">Grafik: dasglasauge (Fotolia)<\/p><\/div>\n<p><strong>Keine Castortransporte von J\u00fclich nach Ahaus \u2013 Neubau eines m\u00f6glichst sicheren Zwischenlagers in J\u00fclich<\/strong><\/p>\n<p><strong>Am vergangenen Wochenende (24. September 2016) wurde auf der bundesweiten Atomm\u00fcllkonferenz in G\u00f6ttingen die Westcastor-Resolution vorgestellt und inzwischen von 36 Initiativen, Umweltverb\u00e4nden und Parteien unterzeichnet. Darin fordern sie den Stopp der Transportpl\u00e4ne f\u00fcr 152 Castoren aus dem Forschungszentrum J\u00fclich in das Zwischenlager Ahaus und deren Export in die USA.<\/strong> Aus Sicht der Atomkraftgegner entbehren diese Pl\u00e4ne jeglicher Verantwortung und Weitsicht. Weitere Unterzeichner f\u00fcr die Westcastor-Resolution werden auf <a href=\"http:\/\/www.sofa-ms.de\" target=\"_blank\" rel=\"noopener\">www.sofa-ms.de<\/a> gesammelt.<\/p>\n<p><strong>Verantwortung statt \u201eVerschiebetaktik\u201c<\/strong><\/p>\n<p>Mit der Resolution wenden sich die Atomkraftgegner nun an die Verantwortlichen aus Bundesfinanz- und Bundesumweltministerium, NRW-Wirtschafts-, Wissenschafts- und Umweltministerium und nicht zuletzt an die Besitzer des Atomm\u00fclls, die J\u00fclicher Entsorgungsgesellschaft f\u00fcr Nuklearanlagen (JEN). Diese sollen gemeinsam und verantwortungsvoll die einzig tragbare L\u00f6sung f\u00fcr das Atomm\u00fcllproblem vorantreiben, n\u00e4mlich den Neubau eines m\u00f6glichst sicheren Zwischenlagers in J\u00fclich. Eine solche Option wird zwar von den Verantwortlichen immer wieder als eine von drei m\u00f6glichen L\u00f6sungen dargestellt, aber faktisch nicht in Angriff genommen. Stattdessen schieben sich die Ministerien auf Nachfragen immer gegenseitig \u201eden schwarzen Peter zu\u201c.<\/p>\n<p><strong>Transport nach Ahaus f\u00fchrt in eine \u201eSackgasse\u201c<\/strong><\/p>\n<p>Die Ahaus-Option, die derzeit mit Nachdruck vorangetrieben wird, trifft auf scharfe Kritik der Anti-Atom-Aktivisten: Ein solcher Transport verst\u00f6\u00dft gegen den rot-gr\u00fcnen NRW-Koalitionsvertrag, demzufolge der J\u00fclicher Atomm\u00fcll nur noch ein einziges Mal, n\u00e4mlich in ein Endlager, transportiert werden soll. Zudem zeugt diese Option von einem Mangel an Weitsicht, denn das Ahauser Lager bietet keine Langzeitperspektive, sondern erm\u00f6glicht nur eine Verschiebung des Problems. Einen umfassenden Schutz, zum Beispiel vor Flugzeugabst\u00fcrzen bieten derzeit weder das Ahauser, noch das J\u00fclicher Zwischenlager.<\/p>\n<p>Gerade die fehlende Langzeitperspektive gewinnt aber zunehmend an Brisanz, wie auch auf der Atomm\u00fcllkonferenz in G\u00f6ttingen deutlich wurde. Die Suche nach einem Endlager wird fr\u00fchestens in\u00a0 40 bis 60 Jahren zu einem Ziel f\u00fchren. Ob die Castoren noch so lange halten ist fraglich. Hierzu Hartmut Liebermann von der B\u00fcrgerinitiative \u201eKein Atomm\u00fcll in Ahaus\u201c: \u201eDamit f\u00fchrt ein Transport nach Ahaus in eine unverantwortliche Sackgasse. Hier gibt es keine Reparaturm\u00f6glichkeit und auch die Genehmigung des Lagers l\u00e4uft im Jahr 2036 aus. Es droht in wenigen\u00a0 Jahren ein weiterer Atomm\u00fcllnotstand. Besser man baut jetzt in J\u00fclich ein neues Lager.\u201c<\/p>\n<p><strong>Ahaus-Option nur Zeitgewinn f\u00fcr USA-Export?<\/strong><\/p>\n<p>Bei der dritten Option, ein Export des Atomm\u00fclls in die USA, wird derzeit gezielt versucht, den Eindruck zu erwecken, dass diese in den Hintergrund getreten ist. Deswegen bleiben die Atomkraftgegner wachsam. Marita Boslar vom Aktionsb\u00fcndnis \u201eStop Westcastor\u201c: \u201eVielleicht soll die Ahaus-Option Zeit schaffen, um die juristischen H\u00fcrden f\u00fcr den Export aus dem Weg zu r\u00e4umen, denn es flie\u00dft offensichtlich noch eine Menge Geld aus dem Bundes- und NRW-Landeshaushalt in die USA, um dort die n\u00f6tigen Forschungsarbeiten zur Annahme und Aufbereitung des J\u00fclicher Atomm\u00fclls zu finanzieren.\u201c<\/p>\n","protected":false},"excerpt":{"rendered":"<p>Keine Castortransporte von J\u00fclich nach Ahaus \u2013 Neubau eines m\u00f6glichst sicheren Zwischenlagers in J\u00fclich Am vergangenen Wochenende (24. September 2016) wurde auf der bundesweiten Atomm\u00fcllkonferenz in G\u00f6ttingen die Westcastor-Resolution vorgestellt und inzwischen von 36 Initiativen, Umweltverb\u00e4nden und Parteien unterzeichnet. Darin fordern sie den Stopp der Transportpl\u00e4ne f\u00fcr 152 Castoren aus\u2026<\/p>\n<p class=\"continue-reading-button\"> <a class=\"continue-reading-link\" href=\"https:\/\/www.umweltaktivisten.de\/index.php\/2016\/09\/30\/bundesweite-unterstuetzung-fuer-westcastor-resolution\/\">weiter &#8230;<i class=\"crycon-right-dir\"><\/i><\/a><\/p>\n","protected":false},"author":1,"featured_media":1422,"comment_status":"closed","ping_status":"closed","sticky":false,"template":"","format":"standard","meta":{"footnotes":""},"categories":[21,10],"tags":[],"class_list":["post-1389","post","type-post","status-publish","format-standard","has-post-thumbnail","hentry","category-atom","category-stop-westcastor"],"yoast_head":"<!-- This site is optimized with the Yoast SEO plugin v27.4 - https:\/\/yoast.com\/product\/yoast-seo-wordpress\/ -->\n<title>Bundesweite Unterst\u00fctzung f\u00fcr Westcastor-Resolution - umweltaktivisten.de<\/title>\n<meta name=\"robots\" content=\"index, nofollow, max-snippet:-1, max-image-preview:large, max-video-preview:-1\" \/>\n<link rel=\"canonical\" href=\"https:\/\/www.umweltaktivisten.de\/index.php\/2016\/09\/30\/bundesweite-unterstuetzung-fuer-westcastor-resolution\/\" \/>\n<meta property=\"og:locale\" content=\"de_DE\" \/>\n<meta property=\"og:type\" content=\"article\" \/>\n<meta property=\"og:title\" content=\"Bundesweite Unterst\u00fctzung f\u00fcr Westcastor-Resolution - umweltaktivisten.de\" \/>\n<meta property=\"og:description\" content=\"Keine Castortransporte von J\u00fclich nach Ahaus \u2013 Neubau eines m\u00f6glichst sicheren Zwischenlagers in J\u00fclich Am vergangenen Wochenende (24. September 2016) wurde auf der bundesweiten Atomm\u00fcllkonferenz in G\u00f6ttingen die Westcastor-Resolution vorgestellt und inzwischen von 36 Initiativen, Umweltverb\u00e4nden und Parteien unterzeichnet. Darin fordern sie den Stopp der Transportpl\u00e4ne f\u00fcr 152 Castoren aus\u2026 weiter ...\" \/>\n<meta property=\"og:url\" content=\"https:\/\/www.umweltaktivisten.de\/index.php\/2016\/09\/30\/bundesweite-unterstuetzung-fuer-westcastor-resolution\/\" \/>\n<meta property=\"og:site_name\" content=\"umweltaktivisten.de\" \/>\n<meta property=\"article:published_time\" content=\"2016-09-29T22:23:26+00:00\" \/>\n<meta property=\"article:modified_time\" content=\"2017-04-04T07:21:10+00:00\" \/>\n<meta property=\"og:image\" content=\"https:\/\/www.umweltaktivisten.de\/wp-content\/uploads\/2016\/08\/Protest.png\" \/>\n\t<meta property=\"og:image:width\" content=\"400\" \/>\n\t<meta property=\"og:image:height\" content=\"200\" \/>\n\t<meta property=\"og:image:type\" content=\"image\/png\" \/>\n<meta name=\"author\" content=\"marita\" \/>\n<meta name=\"twitter:card\" content=\"summary_large_image\" \/>\n<meta name=\"twitter:label1\" content=\"Verfasst von\" \/>\n\t<meta name=\"twitter:data1\" content=\"marita\" \/>\n\t<meta name=\"twitter:label2\" content=\"Gesch\u00e4tzte Lesezeit\" \/>\n\t<meta name=\"twitter:data2\" content=\"3\u00a0Minuten\" \/>\n<script type=\"application\/ld+json\" class=\"yoast-schema-graph\">{\"@context\":\"https:\\\/\\\/schema.org\",\"@graph\":[{\"@type\":\"Article\",\"@id\":\"https:\\\/\\\/www.umweltaktivisten.de\\\/index.php\\\/2016\\\/09\\\/30\\\/bundesweite-unterstuetzung-fuer-westcastor-resolution\\\/#article\",\"isPartOf\":{\"@id\":\"https:\\\/\\\/www.umweltaktivisten.de\\\/index.php\\\/2016\\\/09\\\/30\\\/bundesweite-unterstuetzung-fuer-westcastor-resolution\\\/\"},\"author\":{\"name\":\"marita\",\"@id\":\"https:\\\/\\\/www.umweltaktivisten.de\\\/#\\\/schema\\\/person\\\/af601319cc34a906612869cf3b4fd51a\"},\"headline\":\"Bundesweite Unterst\u00fctzung f\u00fcr Westcastor-Resolution\",\"datePublished\":\"2016-09-29T22:23:26+00:00\",\"dateModified\":\"2017-04-04T07:21:10+00:00\",\"mainEntityOfPage\":{\"@id\":\"https:\\\/\\\/www.umweltaktivisten.de\\\/index.php\\\/2016\\\/09\\\/30\\\/bundesweite-unterstuetzung-fuer-westcastor-resolution\\\/\"},\"wordCount\":509,\"image\":{\"@id\":\"https:\\\/\\\/www.umweltaktivisten.de\\\/index.php\\\/2016\\\/09\\\/30\\\/bundesweite-unterstuetzung-fuer-westcastor-resolution\\\/#primaryimage\"},\"thumbnailUrl\":\"https:\\\/\\\/www.umweltaktivisten.de\\\/wp-content\\\/uploads\\\/2016\\\/09\\\/radioactive-151085_1280.gif\",\"articleSection\":[\"Atom\",\"Stop Westcastor\"],\"inLanguage\":\"de\"},{\"@type\":\"WebPage\",\"@id\":\"https:\\\/\\\/www.umweltaktivisten.de\\\/index.php\\\/2016\\\/09\\\/30\\\/bundesweite-unterstuetzung-fuer-westcastor-resolution\\\/\",\"url\":\"https:\\\/\\\/www.umweltaktivisten.de\\\/index.php\\\/2016\\\/09\\\/30\\\/bundesweite-unterstuetzung-fuer-westcastor-resolution\\\/\",\"name\":\"Bundesweite Unterst\u00fctzung f\u00fcr Westcastor-Resolution - umweltaktivisten.de\",\"isPartOf\":{\"@id\":\"https:\\\/\\\/www.umweltaktivisten.de\\\/#website\"},\"primaryImageOfPage\":{\"@id\":\"https:\\\/\\\/www.umweltaktivisten.de\\\/index.php\\\/2016\\\/09\\\/30\\\/bundesweite-unterstuetzung-fuer-westcastor-resolution\\\/#primaryimage\"},\"image\":{\"@id\":\"https:\\\/\\\/www.umweltaktivisten.de\\\/index.php\\\/2016\\\/09\\\/30\\\/bundesweite-unterstuetzung-fuer-westcastor-resolution\\\/#primaryimage\"},\"thumbnailUrl\":\"https:\\\/\\\/www.umweltaktivisten.de\\\/wp-content\\\/uploads\\\/2016\\\/09\\\/radioactive-151085_1280.gif\",\"datePublished\":\"2016-09-29T22:23:26+00:00\",\"dateModified\":\"2017-04-04T07:21:10+00:00\",\"author\":{\"@id\":\"https:\\\/\\\/www.umweltaktivisten.de\\\/#\\\/schema\\\/person\\\/af601319cc34a906612869cf3b4fd51a\"},\"breadcrumb\":{\"@id\":\"https:\\\/\\\/www.umweltaktivisten.de\\\/index.php\\\/2016\\\/09\\\/30\\\/bundesweite-unterstuetzung-fuer-westcastor-resolution\\\/#breadcrumb\"},\"inLanguage\":\"de\",\"potentialAction\":[{\"@type\":\"ReadAction\",\"target\":[\"https:\\\/\\\/www.umweltaktivisten.de\\\/index.php\\\/2016\\\/09\\\/30\\\/bundesweite-unterstuetzung-fuer-westcastor-resolution\\\/\"]}]},{\"@type\":\"ImageObject\",\"inLanguage\":\"de\",\"@id\":\"https:\\\/\\\/www.umweltaktivisten.de\\\/index.php\\\/2016\\\/09\\\/30\\\/bundesweite-unterstuetzung-fuer-westcastor-resolution\\\/#primaryimage\",\"url\":\"https:\\\/\\\/www.umweltaktivisten.de\\\/wp-content\\\/uploads\\\/2016\\\/09\\\/radioactive-151085_1280.gif\",\"contentUrl\":\"https:\\\/\\\/www.umweltaktivisten.de\\\/wp-content\\\/uploads\\\/2016\\\/09\\\/radioactive-151085_1280.gif\",\"width\":200,\"height\":200,\"caption\":\"Grafik: pixabay\"},{\"@type\":\"BreadcrumbList\",\"@id\":\"https:\\\/\\\/www.umweltaktivisten.de\\\/index.php\\\/2016\\\/09\\\/30\\\/bundesweite-unterstuetzung-fuer-westcastor-resolution\\\/#breadcrumb\",\"itemListElement\":[{\"@type\":\"ListItem\",\"position\":1,\"name\":\"Home\",\"item\":\"https:\\\/\\\/www.umweltaktivisten.de\\\/\"},{\"@type\":\"ListItem\",\"position\":2,\"name\":\"Bundesweite Unterst\u00fctzung f\u00fcr Westcastor-Resolution\"}]},{\"@type\":\"WebSite\",\"@id\":\"https:\\\/\\\/www.umweltaktivisten.de\\\/#website\",\"url\":\"https:\\\/\\\/www.umweltaktivisten.de\\\/\",\"name\":\"umweltaktivisten.de\",\"description\":\"&quot;Wir haben die Erde nur von unseren Kindern geborgt&quot;\",\"potentialAction\":[{\"@type\":\"SearchAction\",\"target\":{\"@type\":\"EntryPoint\",\"urlTemplate\":\"https:\\\/\\\/www.umweltaktivisten.de\\\/?s={search_term_string}\"},\"query-input\":{\"@type\":\"PropertyValueSpecification\",\"valueRequired\":true,\"valueName\":\"search_term_string\"}}],\"inLanguage\":\"de\"},{\"@type\":\"Person\",\"@id\":\"https:\\\/\\\/www.umweltaktivisten.de\\\/#\\\/schema\\\/person\\\/af601319cc34a906612869cf3b4fd51a\",\"name\":\"marita\",\"url\":\"https:\\\/\\\/www.umweltaktivisten.de\\\/author\\\/marita\\\/\"}]}<\/script>\n<!-- \/ Yoast SEO plugin. -->","yoast_head_json":{"title":"Bundesweite Unterst\u00fctzung f\u00fcr Westcastor-Resolution - umweltaktivisten.de","robots":{"index":"index","follow":"nofollow","max-snippet":"max-snippet:-1","max-image-preview":"max-image-preview:large","max-video-preview":"max-video-preview:-1"},"canonical":"https:\/\/www.umweltaktivisten.de\/index.php\/2016\/09\/30\/bundesweite-unterstuetzung-fuer-westcastor-resolution\/","og_locale":"de_DE","og_type":"article","og_title":"Bundesweite Unterst\u00fctzung f\u00fcr Westcastor-Resolution - umweltaktivisten.de","og_description":"Keine Castortransporte von J\u00fclich nach Ahaus \u2013 Neubau eines m\u00f6glichst sicheren Zwischenlagers in J\u00fclich Am vergangenen Wochenende (24. September 2016) wurde auf der bundesweiten Atomm\u00fcllkonferenz in G\u00f6ttingen die Westcastor-Resolution vorgestellt und inzwischen von 36 Initiativen, Umweltverb\u00e4nden und Parteien unterzeichnet. Darin fordern sie den Stopp der Transportpl\u00e4ne f\u00fcr 152 Castoren aus\u2026 weiter ...","og_url":"https:\/\/www.umweltaktivisten.de\/index.php\/2016\/09\/30\/bundesweite-unterstuetzung-fuer-westcastor-resolution\/","og_site_name":"umweltaktivisten.de","article_published_time":"2016-09-29T22:23:26+00:00","article_modified_time":"2017-04-04T07:21:10+00:00","og_image":[{"width":400,"height":200,"url":"https:\/\/www.umweltaktivisten.de\/wp-content\/uploads\/2016\/08\/Protest.png","type":"image\/png"}],"author":"marita","twitter_card":"summary_large_image","twitter_misc":{"Verfasst von":"marita","Gesch\u00e4tzte Lesezeit":"3\u00a0Minuten"},"schema":{"@context":"https:\/\/schema.org","@graph":[{"@type":"Article","@id":"https:\/\/www.umweltaktivisten.de\/index.php\/2016\/09\/30\/bundesweite-unterstuetzung-fuer-westcastor-resolution\/#article","isPartOf":{"@id":"https:\/\/www.umweltaktivisten.de\/index.php\/2016\/09\/30\/bundesweite-unterstuetzung-fuer-westcastor-resolution\/"},"author":{"name":"marita","@id":"https:\/\/www.umweltaktivisten.de\/#\/schema\/person\/af601319cc34a906612869cf3b4fd51a"},"headline":"Bundesweite Unterst\u00fctzung f\u00fcr Westcastor-Resolution","datePublished":"2016-09-29T22:23:26+00:00","dateModified":"2017-04-04T07:21:10+00:00","mainEntityOfPage":{"@id":"https:\/\/www.umweltaktivisten.de\/index.php\/2016\/09\/30\/bundesweite-unterstuetzung-fuer-westcastor-resolution\/"},"wordCount":509,"image":{"@id":"https:\/\/www.umweltaktivisten.de\/index.php\/2016\/09\/30\/bundesweite-unterstuetzung-fuer-westcastor-resolution\/#primaryimage"},"thumbnailUrl":"https:\/\/www.umweltaktivisten.de\/wp-content\/uploads\/2016\/09\/radioactive-151085_1280.gif","articleSection":["Atom","Stop Westcastor"],"inLanguage":"de"},{"@type":"WebPage","@id":"https:\/\/www.umweltaktivisten.de\/index.php\/2016\/09\/30\/bundesweite-unterstuetzung-fuer-westcastor-resolution\/","url":"https:\/\/www.umweltaktivisten.de\/index.php\/2016\/09\/30\/bundesweite-unterstuetzung-fuer-westcastor-resolution\/","name":"Bundesweite Unterst\u00fctzung f\u00fcr Westcastor-Resolution - umweltaktivisten.de","isPartOf":{"@id":"https:\/\/www.umweltaktivisten.de\/#website"},"primaryImageOfPage":{"@id":"https:\/\/www.umweltaktivisten.de\/index.php\/2016\/09\/30\/bundesweite-unterstuetzung-fuer-westcastor-resolution\/#primaryimage"},"image":{"@id":"https:\/\/www.umweltaktivisten.de\/index.php\/2016\/09\/30\/bundesweite-unterstuetzung-fuer-westcastor-resolution\/#primaryimage"},"thumbnailUrl":"https:\/\/www.umweltaktivisten.de\/wp-content\/uploads\/2016\/09\/radioactive-151085_1280.gif","datePublished":"2016-09-29T22:23:26+00:00","dateModified":"2017-04-04T07:21:10+00:00","author":{"@id":"https:\/\/www.umweltaktivisten.de\/#\/schema\/person\/af601319cc34a906612869cf3b4fd51a"},"breadcrumb":{"@id":"https:\/\/www.umweltaktivisten.de\/index.php\/2016\/09\/30\/bundesweite-unterstuetzung-fuer-westcastor-resolution\/#breadcrumb"},"inLanguage":"de","potentialAction":[{"@type":"ReadAction","target":["https:\/\/www.umweltaktivisten.de\/index.php\/2016\/09\/30\/bundesweite-unterstuetzung-fuer-westcastor-resolution\/"]}]},{"@type":"ImageObject","inLanguage":"de","@id":"https:\/\/www.umweltaktivisten.de\/index.php\/2016\/09\/30\/bundesweite-unterstuetzung-fuer-westcastor-resolution\/#primaryimage","url":"https:\/\/www.umweltaktivisten.de\/wp-content\/uploads\/2016\/09\/radioactive-151085_1280.gif","contentUrl":"https:\/\/www.umweltaktivisten.de\/wp-content\/uploads\/2016\/09\/radioactive-151085_1280.gif","width":200,"height":200,"caption":"Grafik: pixabay"},{"@type":"BreadcrumbList","@id":"https:\/\/www.umweltaktivisten.de\/index.php\/2016\/09\/30\/bundesweite-unterstuetzung-fuer-westcastor-resolution\/#breadcrumb","itemListElement":[{"@type":"ListItem","position":1,"name":"Home","item":"https:\/\/www.umweltaktivisten.de\/"},{"@type":"ListItem","position":2,"name":"Bundesweite Unterst\u00fctzung f\u00fcr Westcastor-Resolution"}]},{"@type":"WebSite","@id":"https:\/\/www.umweltaktivisten.de\/#website","url":"https:\/\/www.umweltaktivisten.de\/","name":"umweltaktivisten.de","description":"&quot;Wir haben die Erde nur von unseren Kindern geborgt&quot;","potentialAction":[{"@type":"SearchAction","target":{"@type":"EntryPoint","urlTemplate":"https:\/\/www.umweltaktivisten.de\/?s={search_term_string}"},"query-input":{"@type":"PropertyValueSpecification","valueRequired":true,"valueName":"search_term_string"}}],"inLanguage":"de"},{"@type":"Person","@id":"https:\/\/www.umweltaktivisten.de\/#\/schema\/person\/af601319cc34a906612869cf3b4fd51a","name":"marita","url":"https:\/\/www.umweltaktivisten.de\/author\/marita\/"}]}},"_links":{"self":[{"href":"https:\/\/www.umweltaktivisten.de\/index.php\/wp-json\/wp\/v2\/posts\/1389","targetHints":{"allow":["GET"]}}],"collection":[{"href":"https:\/\/www.umweltaktivisten.de\/index.php\/wp-json\/wp\/v2\/posts"}],"about":[{"href":"https:\/\/www.umweltaktivisten.de\/index.php\/wp-json\/wp\/v2\/types\/post"}],"author":[{"embeddable":true,"href":"https:\/\/www.umweltaktivisten.de\/index.php\/wp-json\/wp\/v2\/users\/1"}],"replies":[{"embeddable":true,"href":"https:\/\/www.umweltaktivisten.de\/index.php\/wp-json\/wp\/v2\/comments?post=1389"}],"version-history":[{"count":3,"href":"https:\/\/www.umweltaktivisten.de\/index.php\/wp-json\/wp\/v2\/posts\/1389\/revisions"}],"predecessor-version":[{"id":2094,"href":"https:\/\/www.umweltaktivisten.de\/index.php\/wp-json\/wp\/v2\/posts\/1389\/revisions\/2094"}],"wp:featuredmedia":[{"embeddable":true,"href":"https:\/\/www.umweltaktivisten.de\/index.php\/wp-json\/wp\/v2\/media\/1422"}],"wp:attachment":[{"href":"https:\/\/www.umweltaktivisten.de\/index.php\/wp-json\/wp\/v2\/media?parent=1389"}],"wp:term":[{"taxonomy":"category","embeddable":true,"href":"https:\/\/www.umweltaktivisten.de\/index.php\/wp-json\/wp\/v2\/categories?post=1389"},{"taxonomy":"post_tag","embeddable":true,"href":"https:\/\/www.umweltaktivisten.de\/index.php\/wp-json\/wp\/v2\/tags?post=1389"}],"curies":[{"name":"wp","href":"https:\/\/api.w.org\/{rel}","templated":true}]}}