{"id":1288,"date":"2016-07-01T23:04:06","date_gmt":"2016-07-01T21:04:06","guid":{"rendered":"http:\/\/www.umweltaktivisten.de\/?p=1288"},"modified":"2019-04-16T23:40:17","modified_gmt":"2019-04-16T21:40:17","slug":"bbu-entscheidung-des-deutschen-bundestages-fuer-fracking-verlagert-die-auseinandersetzung-in-die-betroffenen-regionen","status":"publish","type":"post","link":"https:\/\/www.umweltaktivisten.de\/index.php\/2016\/07\/01\/bbu-entscheidung-des-deutschen-bundestages-fuer-fracking-verlagert-die-auseinandersetzung-in-die-betroffenen-regionen\/","title":{"rendered":"BBU: Entscheidung des Deutschen Bundestages f\u00fcr Fracking verlagert die Auseinandersetzung in die betroffenen Regionen"},"content":{"rendered":"<p>24.06.2016<br \/>\n<strong>Als fatalen Schritt in die&nbsp; falsche Richtung hat der Bundesverband B\u00fcrgerinitiativen Umweltschutz (BBU e.V.)&nbsp; die heutige Verabschiedung eines Fracking-Erlaubnis-Rechts durch den Deutschen Bundestag bezeichnet.<\/strong> <strong>Danach kann Fracking zur&nbsp; Aufmachung und Gewinnung von Gas, das in bestimmten Gesteinsformationen, sogenannten Tight-Gas-Reservoirs, vorliegt, in jeder Tiefe stattfinden.<\/strong> Die betroffenen Regionen werden damit den Fracking-Gefahren wie Grundwasserkontaminationen, Erdbeben oder einer Zerst\u00f6rung von Natur und Landschaft ausgesetzt. Der BBU betont, dass die Auseinandersetzung um Fracking damit jedoch nicht beendet ist, sondern in eine neue Phase eintritt. Die Auseinandersetzung wird jetzt bei jedem konkreten Fracking-Vorhaben vor Ort erfolgen.<\/p>\n<p><strong>Oliver Kalusch<\/strong>, <strong>Mitglied des gesch\u00e4ftsf\u00fchrenden Vorstands des BBU erkl\u00e4rt hierzu:<\/strong> <strong>\u201cDie Fracking-Debatte im Deutschen Bundestag war eine erschreckende Darstellung der Selbstgerechtigkeit der Gro\u00dfen Koalition. Statt Fracking ausnahmslos zu verbieten, klopften sich die Rednerinnen und Redner von SPD und CDU\/CSU selbst auf die Schulter.<\/strong> Doch daf\u00fcr gibt&nbsp; es keinen Grund. Da die Gro\u00dfe Koalition Tight-Gas-Fracking nun auf eine rechtssichere Basis gestellt hat, wird eine gigantische Fracking-Welle&nbsp;\u00fcber Niedersachsen, Schleswig-Holstein und Teile weiterer Bundesl\u00e4nder hereinbrechen. Statt Umwelt- und Gesundheitssch\u00e4den durch ein ausnahmsloses Fracking-Verbot auszuschlie\u00dfen, haben sich die&nbsp;Parlamentarier der Gro\u00dfen Koalition zu Erf\u00fcllungsgehilfen der Gasindustrie gemacht. Damit verlagert sich die Auseinandersetzung jetzt in die Regionen und Kommunen, in denen konkrete Fracking-Projekte&nbsp;realisiert&nbsp; werden sollen. Der Kampf gegen Tight-Gas-Fracking wird nun in Genehmigungsverfahren, Er\u00f6rterungsterminen sowie bei B\u00fcrgerversammlungen und Demonstrationen stattfinden. Und die B\u00fcrger vor Ort werden sich gut \u00fcberlegen, ob sie Parteien w\u00e4hlen, die Fracking zugelassen haben.\u201c<\/p>\n<p>Der Bundesverband B\u00fcrgerinitiativen Umweltschutz wird sich weiter gegen Fracking engagieren und die \u00c4nderung des Bundesberggesetzes verlangen, in das ein Paragraf mit einem ausnahmslosen Fracking-Verbot aufgenommen werden muss. Den Widerstand gegen Fracking vor Ort wird der BBU aktiv unterst\u00fctzen.<\/p>\n<p><a href=\"http:\/\/www.bundestag.de\/dokumente\/tagesordnungen\/tagesordnung-180\/383284\" target=\"_blank\" rel=\"noopener noreferrer\">http:\/\/www.bundestag.de\/dokumente\/tagesordnungen\/tagesordnung-180\/383284<\/a><\/p>\n<p><a href=\"http:\/\/dip21.bundestag.de\/dip21\/btd\/18\/047\/1804713.pdf\" target=\"_blank\" rel=\"noopener noreferrer\">http:\/\/dip21.bundestag.de\/dip21\/btd\/18\/047\/1804713.pdf<\/a><\/p>\n<p><a href=\"http:\/\/www.bundestag.de\/dokumente\/textarchiv\/2016\/kw25-de-fracking\/429014\" target=\"_blank\" rel=\"noopener noreferrer\">http:\/\/www.bundestag.de\/dokumente\/textarchiv\/2016\/kw25-de-fracking\/429014<\/a><\/p>\n<p><a href=\"http:\/\/www.bundestag.de\/dokumente\/textarchiv\/2016\/kw25-ak-fracking\/429006\" target=\"_blank\" rel=\"noopener noreferrer\">http:\/\/www.bundestag.de\/dokumente\/textarchiv\/2016\/kw25-ak-fracking\/429006<\/a><\/p>\n<p><a href=\"http:\/\/www.bundestag.de\/mediathek?action=tv&amp;categorie=Jetzt%20im%20Parlamentsfernsehen\" target=\"_blank\" rel=\"noopener noreferrer\">http:\/\/www.bundestag.de\/mediathek?action=tv&amp;categorie=Jetzt%20im%20Parlamentsfernsehen<\/a><\/p>\n<p>&nbsp;<\/p>\n","protected":false},"excerpt":{"rendered":"<p>24.06.2016 Als fatalen Schritt in die&nbsp; falsche Richtung hat der Bundesverband B\u00fcrgerinitiativen Umweltschutz (BBU e.V.)&nbsp; die heutige Verabschiedung eines Fracking-Erlaubnis-Rechts durch den Deutschen Bundestag bezeichnet. Danach kann Fracking zur&nbsp; Aufmachung und Gewinnung von Gas, das in bestimmten Gesteinsformationen, sogenannten Tight-Gas-Reservoirs, vorliegt, in jeder Tiefe stattfinden. Die betroffenen Regionen werden damit\u2026<\/p>\n<p class=\"continue-reading-button\"> <a class=\"continue-reading-link\" href=\"https:\/\/www.umweltaktivisten.de\/index.php\/2016\/07\/01\/bbu-entscheidung-des-deutschen-bundestages-fuer-fracking-verlagert-die-auseinandersetzung-in-die-betroffenen-regionen\/\">weiter &#8230;<i class=\"crycon-right-dir\"><\/i><\/a><\/p>\n","protected":false},"author":1,"featured_media":0,"comment_status":"closed","ping_status":"closed","sticky":false,"template":"","format":"standard","meta":{"footnotes":""},"categories":[1,33,19,11],"tags":[90,17,15,162,161,163],"class_list":["post-1288","post","type-post","status-publish","format-standard","hentry","category-allgemein","category-bundestag","category-fracking","category-inofrack","tag-fracking","tag-fracking-ermoeglichungsgesetz","tag-fracking-gesetz","tag-konventionelle-fracking","tag-tight-gas","tag-unkonventionelle-fracking"],"yoast_head":"<!-- This site is optimized with the Yoast SEO plugin v27.5 - https:\/\/yoast.com\/product\/yoast-seo-wordpress\/ -->\n<title>BBU: Entscheidung des Deutschen Bundestages f\u00fcr Fracking verlagert die Auseinandersetzung in die betroffenen Regionen - umweltaktivisten.de<\/title>\n<meta name=\"description\" content=\"Fataler Schritt in die falsche Richtung: Fracking-Gesetzpaket im Bundestag beschlossen. &quot;Fracking-Erlaubnis-Gesetz&quot;: fauler Kompromiss mit Schlupfl\u00f6chern\" \/>\n<meta name=\"robots\" content=\"index, nofollow, max-snippet:-1, max-image-preview:large, max-video-preview:-1\" \/>\n<link rel=\"canonical\" href=\"https:\/\/www.umweltaktivisten.de\/index.php\/2016\/07\/01\/bbu-entscheidung-des-deutschen-bundestages-fuer-fracking-verlagert-die-auseinandersetzung-in-die-betroffenen-regionen\/\" \/>\n<meta property=\"og:locale\" content=\"de_DE\" \/>\n<meta property=\"og:type\" content=\"article\" \/>\n<meta property=\"og:title\" content=\"BBU: Entscheidung des Deutschen Bundestages f\u00fcr Fracking verlagert die Auseinandersetzung in die betroffenen Regionen\" \/>\n<meta property=\"og:description\" content=\"Kampf geht weiter! Fauler Kompromiss mit Schlupfl\u00f6chern: das am 24. Juni im Bundestag beschlossene Fracking-Gesetzpacket. Fracking im Schiefer (unkonventionell) wird verboten Fracking im Sandstein (konventionell) bleibt weiterhin erlaubt: Tight-Gas-Fracking (Niedersachsen) Probebohrungen m\u00f6glich\" \/>\n<meta property=\"og:url\" content=\"https:\/\/www.umweltaktivisten.de\/index.php\/2016\/07\/01\/bbu-entscheidung-des-deutschen-bundestages-fuer-fracking-verlagert-die-auseinandersetzung-in-die-betroffenen-regionen\/\" \/>\n<meta property=\"og:site_name\" content=\"umweltaktivisten.de\" \/>\n<meta property=\"article:published_time\" content=\"2016-07-01T21:04:06+00:00\" \/>\n<meta property=\"article:modified_time\" content=\"2019-04-16T21:40:17+00:00\" \/>\n<meta property=\"og:image\" content=\"https:\/\/www.umweltaktivisten.de\/wp-content\/uploads\/2016\/07\/Logo-inofrack.png\" \/>\n\t<meta property=\"og:image:width\" content=\"985\" \/>\n\t<meta property=\"og:image:height\" content=\"210\" \/>\n\t<meta property=\"og:image:type\" content=\"image\/png\" \/>\n<meta name=\"author\" content=\"marita\" \/>\n<meta name=\"twitter:card\" content=\"summary_large_image\" \/>\n<meta name=\"twitter:label1\" content=\"Verfasst von\" \/>\n\t<meta name=\"twitter:data1\" content=\"marita\" \/>\n\t<meta name=\"twitter:label2\" content=\"Gesch\u00e4tzte Lesezeit\" \/>\n\t<meta name=\"twitter:data2\" content=\"2\u00a0Minuten\" \/>\n<script type=\"application\/ld+json\" class=\"yoast-schema-graph\">{\"@context\":\"https:\\\/\\\/schema.org\",\"@graph\":[{\"@type\":\"Article\",\"@id\":\"https:\\\/\\\/www.umweltaktivisten.de\\\/index.php\\\/2016\\\/07\\\/01\\\/bbu-entscheidung-des-deutschen-bundestages-fuer-fracking-verlagert-die-auseinandersetzung-in-die-betroffenen-regionen\\\/#article\",\"isPartOf\":{\"@id\":\"https:\\\/\\\/www.umweltaktivisten.de\\\/index.php\\\/2016\\\/07\\\/01\\\/bbu-entscheidung-des-deutschen-bundestages-fuer-fracking-verlagert-die-auseinandersetzung-in-die-betroffenen-regionen\\\/\"},\"author\":{\"name\":\"marita\",\"@id\":\"https:\\\/\\\/www.umweltaktivisten.de\\\/#\\\/schema\\\/person\\\/af601319cc34a906612869cf3b4fd51a\"},\"headline\":\"BBU: Entscheidung des Deutschen Bundestages f\u00fcr Fracking verlagert die Auseinandersetzung in die betroffenen Regionen\",\"datePublished\":\"2016-07-01T21:04:06+00:00\",\"dateModified\":\"2019-04-16T21:40:17+00:00\",\"mainEntityOfPage\":{\"@id\":\"https:\\\/\\\/www.umweltaktivisten.de\\\/index.php\\\/2016\\\/07\\\/01\\\/bbu-entscheidung-des-deutschen-bundestages-fuer-fracking-verlagert-die-auseinandersetzung-in-die-betroffenen-regionen\\\/\"},\"wordCount\":361,\"keywords\":[\"Fracking\",\"Fracking-Erm\u00f6glichungsgesetz\",\"Fracking-Gesetz\",\"konventionelle Fracking\",\"Tight-Gas\",\"unkonventionelle Fracking\"],\"articleSection\":{\"1\":\"Bundestag\",\"2\":\"Fracking\",\"3\":\"inofrack\"},\"inLanguage\":\"de\"},{\"@type\":\"WebPage\",\"@id\":\"https:\\\/\\\/www.umweltaktivisten.de\\\/index.php\\\/2016\\\/07\\\/01\\\/bbu-entscheidung-des-deutschen-bundestages-fuer-fracking-verlagert-die-auseinandersetzung-in-die-betroffenen-regionen\\\/\",\"url\":\"https:\\\/\\\/www.umweltaktivisten.de\\\/index.php\\\/2016\\\/07\\\/01\\\/bbu-entscheidung-des-deutschen-bundestages-fuer-fracking-verlagert-die-auseinandersetzung-in-die-betroffenen-regionen\\\/\",\"name\":\"BBU: Entscheidung des Deutschen Bundestages f\u00fcr Fracking verlagert die Auseinandersetzung in die betroffenen Regionen - umweltaktivisten.de\",\"isPartOf\":{\"@id\":\"https:\\\/\\\/www.umweltaktivisten.de\\\/#website\"},\"datePublished\":\"2016-07-01T21:04:06+00:00\",\"dateModified\":\"2019-04-16T21:40:17+00:00\",\"author\":{\"@id\":\"https:\\\/\\\/www.umweltaktivisten.de\\\/#\\\/schema\\\/person\\\/af601319cc34a906612869cf3b4fd51a\"},\"description\":\"Fataler Schritt in die falsche Richtung: Fracking-Gesetzpaket im Bundestag beschlossen. \\\"Fracking-Erlaubnis-Gesetz\\\": fauler Kompromiss mit Schlupfl\u00f6chern\",\"breadcrumb\":{\"@id\":\"https:\\\/\\\/www.umweltaktivisten.de\\\/index.php\\\/2016\\\/07\\\/01\\\/bbu-entscheidung-des-deutschen-bundestages-fuer-fracking-verlagert-die-auseinandersetzung-in-die-betroffenen-regionen\\\/#breadcrumb\"},\"inLanguage\":\"de\",\"potentialAction\":[{\"@type\":\"ReadAction\",\"target\":[\"https:\\\/\\\/www.umweltaktivisten.de\\\/index.php\\\/2016\\\/07\\\/01\\\/bbu-entscheidung-des-deutschen-bundestages-fuer-fracking-verlagert-die-auseinandersetzung-in-die-betroffenen-regionen\\\/\"]}]},{\"@type\":\"BreadcrumbList\",\"@id\":\"https:\\\/\\\/www.umweltaktivisten.de\\\/index.php\\\/2016\\\/07\\\/01\\\/bbu-entscheidung-des-deutschen-bundestages-fuer-fracking-verlagert-die-auseinandersetzung-in-die-betroffenen-regionen\\\/#breadcrumb\",\"itemListElement\":[{\"@type\":\"ListItem\",\"position\":1,\"name\":\"Home\",\"item\":\"https:\\\/\\\/www.umweltaktivisten.de\\\/\"},{\"@type\":\"ListItem\",\"position\":2,\"name\":\"BBU: Entscheidung des Deutschen Bundestages f\u00fcr Fracking verlagert die Auseinandersetzung in die betroffenen Regionen\"}]},{\"@type\":\"WebSite\",\"@id\":\"https:\\\/\\\/www.umweltaktivisten.de\\\/#website\",\"url\":\"https:\\\/\\\/www.umweltaktivisten.de\\\/\",\"name\":\"umweltaktivisten.de\",\"description\":\"&quot;Wir haben die Erde nur von unseren Kindern geborgt&quot;\",\"potentialAction\":[{\"@type\":\"SearchAction\",\"target\":{\"@type\":\"EntryPoint\",\"urlTemplate\":\"https:\\\/\\\/www.umweltaktivisten.de\\\/?s={search_term_string}\"},\"query-input\":{\"@type\":\"PropertyValueSpecification\",\"valueRequired\":true,\"valueName\":\"search_term_string\"}}],\"inLanguage\":\"de\"},{\"@type\":\"Person\",\"@id\":\"https:\\\/\\\/www.umweltaktivisten.de\\\/#\\\/schema\\\/person\\\/af601319cc34a906612869cf3b4fd51a\",\"name\":\"marita\",\"url\":\"https:\\\/\\\/www.umweltaktivisten.de\\\/author\\\/marita\\\/\"}]}<\/script>\n<!-- \/ Yoast SEO plugin. -->","yoast_head_json":{"title":"BBU: Entscheidung des Deutschen Bundestages f\u00fcr Fracking verlagert die Auseinandersetzung in die betroffenen Regionen - umweltaktivisten.de","description":"Fataler Schritt in die falsche Richtung: Fracking-Gesetzpaket im Bundestag beschlossen. \"Fracking-Erlaubnis-Gesetz\": fauler Kompromiss mit Schlupfl\u00f6chern","robots":{"index":"index","follow":"nofollow","max-snippet":"max-snippet:-1","max-image-preview":"max-image-preview:large","max-video-preview":"max-video-preview:-1"},"canonical":"https:\/\/www.umweltaktivisten.de\/index.php\/2016\/07\/01\/bbu-entscheidung-des-deutschen-bundestages-fuer-fracking-verlagert-die-auseinandersetzung-in-die-betroffenen-regionen\/","og_locale":"de_DE","og_type":"article","og_title":"BBU: Entscheidung des Deutschen Bundestages f\u00fcr Fracking verlagert die Auseinandersetzung in die betroffenen Regionen","og_description":"Kampf geht weiter! Fauler Kompromiss mit Schlupfl\u00f6chern: das am 24. Juni im Bundestag beschlossene Fracking-Gesetzpacket. Fracking im Schiefer (unkonventionell) wird verboten Fracking im Sandstein (konventionell) bleibt weiterhin erlaubt: Tight-Gas-Fracking (Niedersachsen) Probebohrungen m\u00f6glich","og_url":"https:\/\/www.umweltaktivisten.de\/index.php\/2016\/07\/01\/bbu-entscheidung-des-deutschen-bundestages-fuer-fracking-verlagert-die-auseinandersetzung-in-die-betroffenen-regionen\/","og_site_name":"umweltaktivisten.de","article_published_time":"2016-07-01T21:04:06+00:00","article_modified_time":"2019-04-16T21:40:17+00:00","og_image":[{"width":985,"height":210,"url":"https:\/\/www.umweltaktivisten.de\/wp-content\/uploads\/2016\/07\/Logo-inofrack.png","type":"image\/png"}],"author":"marita","twitter_card":"summary_large_image","twitter_misc":{"Verfasst von":"marita","Gesch\u00e4tzte Lesezeit":"2\u00a0Minuten"},"schema":{"@context":"https:\/\/schema.org","@graph":[{"@type":"Article","@id":"https:\/\/www.umweltaktivisten.de\/index.php\/2016\/07\/01\/bbu-entscheidung-des-deutschen-bundestages-fuer-fracking-verlagert-die-auseinandersetzung-in-die-betroffenen-regionen\/#article","isPartOf":{"@id":"https:\/\/www.umweltaktivisten.de\/index.php\/2016\/07\/01\/bbu-entscheidung-des-deutschen-bundestages-fuer-fracking-verlagert-die-auseinandersetzung-in-die-betroffenen-regionen\/"},"author":{"name":"marita","@id":"https:\/\/www.umweltaktivisten.de\/#\/schema\/person\/af601319cc34a906612869cf3b4fd51a"},"headline":"BBU: Entscheidung des Deutschen Bundestages f\u00fcr Fracking verlagert die Auseinandersetzung in die betroffenen Regionen","datePublished":"2016-07-01T21:04:06+00:00","dateModified":"2019-04-16T21:40:17+00:00","mainEntityOfPage":{"@id":"https:\/\/www.umweltaktivisten.de\/index.php\/2016\/07\/01\/bbu-entscheidung-des-deutschen-bundestages-fuer-fracking-verlagert-die-auseinandersetzung-in-die-betroffenen-regionen\/"},"wordCount":361,"keywords":["Fracking","Fracking-Erm\u00f6glichungsgesetz","Fracking-Gesetz","konventionelle Fracking","Tight-Gas","unkonventionelle Fracking"],"articleSection":{"1":"Bundestag","2":"Fracking","3":"inofrack"},"inLanguage":"de"},{"@type":"WebPage","@id":"https:\/\/www.umweltaktivisten.de\/index.php\/2016\/07\/01\/bbu-entscheidung-des-deutschen-bundestages-fuer-fracking-verlagert-die-auseinandersetzung-in-die-betroffenen-regionen\/","url":"https:\/\/www.umweltaktivisten.de\/index.php\/2016\/07\/01\/bbu-entscheidung-des-deutschen-bundestages-fuer-fracking-verlagert-die-auseinandersetzung-in-die-betroffenen-regionen\/","name":"BBU: Entscheidung des Deutschen Bundestages f\u00fcr Fracking verlagert die Auseinandersetzung in die betroffenen Regionen - umweltaktivisten.de","isPartOf":{"@id":"https:\/\/www.umweltaktivisten.de\/#website"},"datePublished":"2016-07-01T21:04:06+00:00","dateModified":"2019-04-16T21:40:17+00:00","author":{"@id":"https:\/\/www.umweltaktivisten.de\/#\/schema\/person\/af601319cc34a906612869cf3b4fd51a"},"description":"Fataler Schritt in die falsche Richtung: Fracking-Gesetzpaket im Bundestag beschlossen. \"Fracking-Erlaubnis-Gesetz\": fauler Kompromiss mit Schlupfl\u00f6chern","breadcrumb":{"@id":"https:\/\/www.umweltaktivisten.de\/index.php\/2016\/07\/01\/bbu-entscheidung-des-deutschen-bundestages-fuer-fracking-verlagert-die-auseinandersetzung-in-die-betroffenen-regionen\/#breadcrumb"},"inLanguage":"de","potentialAction":[{"@type":"ReadAction","target":["https:\/\/www.umweltaktivisten.de\/index.php\/2016\/07\/01\/bbu-entscheidung-des-deutschen-bundestages-fuer-fracking-verlagert-die-auseinandersetzung-in-die-betroffenen-regionen\/"]}]},{"@type":"BreadcrumbList","@id":"https:\/\/www.umweltaktivisten.de\/index.php\/2016\/07\/01\/bbu-entscheidung-des-deutschen-bundestages-fuer-fracking-verlagert-die-auseinandersetzung-in-die-betroffenen-regionen\/#breadcrumb","itemListElement":[{"@type":"ListItem","position":1,"name":"Home","item":"https:\/\/www.umweltaktivisten.de\/"},{"@type":"ListItem","position":2,"name":"BBU: Entscheidung des Deutschen Bundestages f\u00fcr Fracking verlagert die Auseinandersetzung in die betroffenen Regionen"}]},{"@type":"WebSite","@id":"https:\/\/www.umweltaktivisten.de\/#website","url":"https:\/\/www.umweltaktivisten.de\/","name":"umweltaktivisten.de","description":"&quot;Wir haben die Erde nur von unseren Kindern geborgt&quot;","potentialAction":[{"@type":"SearchAction","target":{"@type":"EntryPoint","urlTemplate":"https:\/\/www.umweltaktivisten.de\/?s={search_term_string}"},"query-input":{"@type":"PropertyValueSpecification","valueRequired":true,"valueName":"search_term_string"}}],"inLanguage":"de"},{"@type":"Person","@id":"https:\/\/www.umweltaktivisten.de\/#\/schema\/person\/af601319cc34a906612869cf3b4fd51a","name":"marita","url":"https:\/\/www.umweltaktivisten.de\/author\/marita\/"}]}},"_links":{"self":[{"href":"https:\/\/www.umweltaktivisten.de\/index.php\/wp-json\/wp\/v2\/posts\/1288","targetHints":{"allow":["GET"]}}],"collection":[{"href":"https:\/\/www.umweltaktivisten.de\/index.php\/wp-json\/wp\/v2\/posts"}],"about":[{"href":"https:\/\/www.umweltaktivisten.de\/index.php\/wp-json\/wp\/v2\/types\/post"}],"author":[{"embeddable":true,"href":"https:\/\/www.umweltaktivisten.de\/index.php\/wp-json\/wp\/v2\/users\/1"}],"replies":[{"embeddable":true,"href":"https:\/\/www.umweltaktivisten.de\/index.php\/wp-json\/wp\/v2\/comments?post=1288"}],"version-history":[{"count":4,"href":"https:\/\/www.umweltaktivisten.de\/index.php\/wp-json\/wp\/v2\/posts\/1288\/revisions"}],"predecessor-version":[{"id":3423,"href":"https:\/\/www.umweltaktivisten.de\/index.php\/wp-json\/wp\/v2\/posts\/1288\/revisions\/3423"}],"wp:attachment":[{"href":"https:\/\/www.umweltaktivisten.de\/index.php\/wp-json\/wp\/v2\/media?parent=1288"}],"wp:term":[{"taxonomy":"category","embeddable":true,"href":"https:\/\/www.umweltaktivisten.de\/index.php\/wp-json\/wp\/v2\/categories?post=1288"},{"taxonomy":"post_tag","embeddable":true,"href":"https:\/\/www.umweltaktivisten.de\/index.php\/wp-json\/wp\/v2\/tags?post=1288"}],"curies":[{"name":"wp","href":"https:\/\/api.w.org\/{rel}","templated":true}]}}